{"id":824,"date":"2016-07-19T12:27:25","date_gmt":"2016-07-19T10:27:25","guid":{"rendered":"http:\/\/www.larchenheim.com\/de\/?p=824"},"modified":"2023-10-31T09:43:01","modified_gmt":"2023-10-31T08:43:01","slug":"anlaesse-und-preise-last-minute-ferienhaus-angebote-und-wohnungen-zu-vermieten-ultental-lana-meran-suedtirol-urlaub-dolomiten","status":"publish","type":"post","link":"https:\/\/www.larchenheim.com\/de\/anlaesse-und-preise-last-minute-ferienhaus-angebote-und-wohnungen-zu-vermieten-ultental-lana-meran-suedtirol-urlaub-dolomiten","title":{"rendered":"Angebote"},"content":{"rendered":"<p><div class=\"fusion-fullwidth fullwidth-box fusion-builder-row-1 nonhundred-percent-fullwidth non-hundred-percent-height-scrolling\" style=\"background-color: rgba(255,255,255,0);background-position: left top;background-repeat: no-repeat;padding-top:20px;padding-right:0px;padding-bottom:20px;padding-left:0px;margin-bottom: 0px;margin-top: 0px;border-width: 0px 0px 0px 0px;border-color:#eae9e9;border-style:solid;\" ><div class=\"fusion-builder-row fusion-row\"><div class=\"fusion-layout-column fusion_builder_column fusion-builder-column-0 fusion_builder_column_1_1 1_1 fusion-one-full fusion-column-first fusion-column-last fusion-column-no-min-height\" style=\"margin-top:0px;margin-bottom:0px;\"><div class=\"fusion-column-wrapper fusion-flex-column-wrapper-legacy\" style=\"background-position:left top;background-repeat:no-repeat;-webkit-background-size:cover;-moz-background-size:cover;-o-background-size:cover;background-size:cover;padding: 0px 0px 0px 0px;\"><div class=\"fusion-text fusion-text-1\"><h1><strong>Freie Fahrt mit der UltentalCard! <\/strong><\/h1>\n<p><img decoding=\"async\" class=\"wp-image-1378 alignright\" src=\"https:\/\/www.larchenheim.com\/wp-content\/uploads\/suedtirol-pass-alto-adige-val-dultimo-prezzi-online-offerte-last-minute-bolzano-merano-bressanone-bz-dolomiti-montagna-vacanze-larchenheim.jpg\" alt=\"\" width=\"366\" height=\"231\" srcset=\"https:\/\/www.larchenheim.com\/wp-content\/uploads\/suedtirol-pass-alto-adige-val-dultimo-prezzi-online-offerte-last-minute-bolzano-merano-bressanone-bz-dolomiti-montagna-vacanze-larchenheim-75x47.jpg 75w, https:\/\/www.larchenheim.com\/wp-content\/uploads\/suedtirol-pass-alto-adige-val-dultimo-prezzi-online-offerte-last-minute-bolzano-merano-bressanone-bz-dolomiti-montagna-vacanze-larchenheim-125x79.jpg 125w, https:\/\/www.larchenheim.com\/wp-content\/uploads\/suedtirol-pass-alto-adige-val-dultimo-prezzi-online-offerte-last-minute-bolzano-merano-bressanone-bz-dolomiti-montagna-vacanze-larchenheim-200x126.jpg 200w, https:\/\/www.larchenheim.com\/wp-content\/uploads\/suedtirol-pass-alto-adige-val-dultimo-prezzi-online-offerte-last-minute-bolzano-merano-bressanone-bz-dolomiti-montagna-vacanze-larchenheim-300x189.jpg 300w, https:\/\/www.larchenheim.com\/wp-content\/uploads\/suedtirol-pass-alto-adige-val-dultimo-prezzi-online-offerte-last-minute-bolzano-merano-bressanone-bz-dolomiti-montagna-vacanze-larchenheim-320x202.jpg 320w, https:\/\/www.larchenheim.com\/wp-content\/uploads\/suedtirol-pass-alto-adige-val-dultimo-prezzi-online-offerte-last-minute-bolzano-merano-bressanone-bz-dolomiti-montagna-vacanze-larchenheim-400x253.jpg 400w, https:\/\/www.larchenheim.com\/wp-content\/uploads\/suedtirol-pass-alto-adige-val-dultimo-prezzi-online-offerte-last-minute-bolzano-merano-bressanone-bz-dolomiti-montagna-vacanze-larchenheim.jpg 532w\" sizes=\"(max-width: 366px) 100vw, 366px\" \/>Mit nur einem Ticket Natur, Sport und Kultur genie\u00dfen \u2013 die UltentalCard ist der Schl\u00fcssel zu faszinierenden Erlebnissen im Ultental und in ganz S\u00fcdtirol.<\/p>\n<p>Die Inhaber der UltentalCard erhalten 1 Berg- und Talfahrt pro Tag mit der Kabinenbahn Schwemmalm und k\u00f6nnen den Wanderbus Weissbrunn unentgeltlich nutzen. Zudem inkludiert die UltentalCard freien Eintritt in alle Ultner Museen und in \u00fcber 80 weitere Museen in S\u00fcdtirol. F\u00fcr Sportbegeisterte ist die UltentalCard die Eintrittskarte in das \u00f6ffentliche Schwimmbad Ulten, f\u00fcr den Eislaufplatz Kuppelwies, f\u00fcr die Langlaufloipe Ulten und vieles andere mehr.<\/p>\n<p>Au\u00dferdem: freie Fahrt in ganz S\u00fcdtirol! Mit der UltentalCard nutzen Sie kostenlos alle \u00f6ffentlichen Verkehrsmittel des Landes.<\/p>\n<p>Die UltentalCard wird dem Gast am Anreisetag ausgeh\u00e4ndigt, ist im Zimmerpreis inkludiert und f\u00fcr die gesamte Aufenthaltsdauer g\u00fcltig.<\/p>\n<p><span style=\"color: #ff0000;\"><strong>Eine Karte \u2013 Viele Leistungen*: die UltentalCard<\/strong><strong> im \u00dcberblick<\/strong><\/span><\/p>\n<ul>\n<li>1 Berg- und Talfahrt pro Tag mit der Kabinenbahn Schwemmalm<\/li>\n<li>Freie Nutzung des \u00f6ffentlichen Nahverkehrs in ganz S\u00fcdtirol<\/li>\n<li>Wanderbus Weissbrunn<\/li>\n<li>Freier Eintritt in die Ultner Museen<em> Culten<\/em>, <em>Talmuseum <\/em>und <em>Lahner S\u00e4ge<\/em><\/li>\n<li>Freie Benutzung der Langlaufloipe Ulten<\/li>\n<li>Freier Eintritt f\u00fcr den Eislaufplatz Kuppelwies<\/li>\n<li>Freier Eintritt in das \u00f6ffentliche Schwimmbad Ulten<\/li>\n<\/ul>\n<p>* Die inkludierten Erlebnisse k\u00f6nnen saisonal abweichen!<\/p>\n<\/div><div class=\"fusion-clearfix\"><\/div><\/div><\/div><\/div><\/div><div class=\"fusion-fullwidth fullwidth-box fusion-builder-row-2 nonhundred-percent-fullwidth non-hundred-percent-height-scrolling\" style=\"background-color: rgba(255,255,255,0);background-position: left top;background-repeat: no-repeat;padding-top:20px;padding-right:0px;padding-bottom:20px;padding-left:0px;margin-bottom: 0px;margin-top: 0px;border-width: 0px 0px 0px 0px;border-color:#eae9e9;border-style:solid;\" ><div class=\"fusion-builder-row fusion-row\"><div class=\"fusion-layout-column fusion_builder_column fusion-builder-column-1 fusion_builder_column_1_1 1_1 fusion-one-full fusion-column-first fusion-column-last fusion-column-no-min-height\" style=\"margin-top:0px;margin-bottom:0px;\"><div class=\"fusion-column-wrapper fusion-flex-column-wrapper-legacy\" style=\"background-position:left top;background-repeat:no-repeat;-webkit-background-size:cover;-moz-background-size:cover;-o-background-size:cover;background-size:cover;padding: 0px 0px 0px 0px;\"><div class=\"fusion-blog-shortcode fusion-blog-shortcode-1 fusion-blog-archive fusion-blog-layout-large fusion-blog-no fusion-blog-no-images\"><div class=\"fusion-posts-container fusion-posts-container-no fusion-no-meta-info\" data-pages=\"1\"><article id=\"blog-1-post-943\" class=\"fusion-post-large post-943 post type-post status-publish format-standard hentry category-tabelle-preise category-unkategorisiert\">\n<div class=\"fusion-post-content post-content\"><div class=\"fusion-post-content-container\"><div class=\"fusion-fullwidth fullwidth-box fusion-builder-row-2-1 hundred-percent-fullwidth non-hundred-percent-height-scrolling\" style=\"background-color: rgba(255,255,255,0);background-position: center center;background-repeat: no-repeat;padding-top:0px;padding-right:0px;padding-bottom:0px;padding-left:0px;margin-bottom: 0px;margin-top: 0px;border-width: 0px 0px 0px 0px;border-color:#eae9e9;border-style:solid;\" ><div class=\"fusion-builder-row fusion-row\"><div class=\"fusion-layout-column fusion_builder_column fusion-builder-column-2 fusion_builder_column_1_1 1_1 fusion-one-full fusion-column-first fusion-column-last fusion-column-no-min-height\" style=\"margin-top:0px;margin-bottom:0px;\"><div class=\"fusion-column-wrapper fusion-flex-column-wrapper-legacy\" style=\"background-position:left top;background-repeat:no-repeat;-webkit-background-size:cover;-moz-background-size:cover;-o-background-size:cover;background-size:cover;padding: 0px 0px 0px 0px;\"><div class=\"fusion-text fusion-text-2\"><h1 style=\"text-align: center;\" data-lineheight=\"35\" data-fontsize=\"25\">Wohnungen Preise f\u00fcr 2 Pers. \/ Nacht<\/h1>\n<\/div><div class=\"fusion-clearfix\"><\/div><\/div><\/div><div class=\"fusion-layout-column fusion_builder_column fusion-builder-column-3 fusion_builder_column_1_1 1_1 fusion-one-full fusion-column-first fusion-column-last fusion-column-no-min-height\" style=\"margin-top:0px;margin-bottom:0px;\"><div class=\"fusion-column-wrapper fusion-flex-column-wrapper-legacy\" style=\"background-position:left top;background-repeat:no-repeat;-webkit-background-size:cover;-moz-background-size:cover;-o-background-size:cover;background-size:cover;padding: 0px 0px 0px 0px;\"><style type='text\/css'>\n\t\t\t\t.pricing-table-1 .panel-container, .pricing-table-1 .standout .panel-container,\n\t\t\t\t.pricing-table-1.full-boxed-pricing {background-color:#f8f8f8;}\n\t\t\t\t.pricing-table-1 .list-group .list-group-item,\n\t\t\t\t.pricing-table-1 .list-group .list-group-item:last-child{background-color:#ffffff; border-color:#ededed;}\n\t\t\t\t.pricing-table-1.full-boxed-pricing .panel-wrapper:hover .panel-heading,\n\t\t\t\t.pricing-table-1 .panel-wrapper:hover .list-group-item {background-color:#f8f8f8;}\n\t\t\t\t.pricing-table-1.full-boxed-pricing .panel-heading{background-color:#ffffff;}\n\t\t\t\t.pricing-table-1 .fusion-panel, .pricing-table-1 .panel-wrapper:last-child .fusion-panel,\n\t\t\t\t.pricing-table-1 .standout .fusion-panel, .pricing-table-1  .panel-heading,\n\t\t\t\t.pricing-table-1 .panel-body, .pricing-table-1 .panel-footer{border-color:#ededed;}\n\t\t\t\t.pricing-table-1 .panel-body,.pricing-table-1 .panel-footer{background-color:#f8f8f8;}\n\t\t\t\t.pricing-table-1.sep-boxed-pricing .panel-heading h3{color:#333333;}\n\t\t\t\t.pricing-table-1.full-boxed-pricing.fusion-pricing-table .panel-heading h3{color:#333333;}\n\t\t\t\t.pricing-table-1.fusion-pricing-table .panel-body .price .decimal-part{color:#a51916;}\n\t\t\t\t.pricing-table-1.fusion-pricing-table .panel-body .price .integer-part{color:#a51916;}\n\t\t\t\t.pricing-table-1 ul.list-group li{color:#565656;}\n\t\t\t\t<\/style><div class=\"fusion-pricing-table pricing-table-1 full-boxed-pricing row fusion-columns-3 columns-3 fusion-clearfix tabella-prezzi\"><div class=\"panel-wrapper fusion-column column col-lg-4 col-md-4 col-sm-4 fusion-pricingtable-column\"><div class=\"panel-container\"><div class=\"fusion-panel\"><div class=\"panel-heading\"><h3 class=\"title-row\">Los di gian 2+2<\/h3><\/div><div class=\"panel-body pricing-row\"><div class=\"price \"><span class=\"currency\">\u20ac<\/span><span class=\"integer-part\">138<\/span><\/div><\/div><\/ul><div class=\"panel-footer footer-row\">+ \u20ac 5,00 Infrarotkabine<\/div><\/div><\/div><\/div><div class=\"panel-wrapper fusion-column column col-lg-4 col-md-4 col-sm-4 standout fusion-pricingtable-column\"><div class=\"panel-container\"><div class=\"fusion-panel\"><div class=\"panel-heading\"><h3 class=\"title-row\">Ban ins drhuam 2+2<\/h3><\/div><div class=\"panel-body pricing-row\"><div class=\"price \"><span class=\"currency\">\u20ac<\/span><span class=\"integer-part\">138<\/span><\/div><\/div><\/div><\/div><\/div><div class=\"panel-wrapper fusion-column column col-lg-4 col-md-4 col-sm-4 fusion-pricingtable-column\"><div class=\"panel-container\"><div class=\"fusion-panel\"><div class=\"panel-heading\"><h3 class=\"title-row\">I bleib do 2+2<\/h3><\/div><div class=\"panel-body pricing-row\"><div class=\"price \"><span class=\"currency\">\u20ac<\/span><span class=\"integer-part\">138<\/span><\/div><\/div><\/div><\/div><\/div><\/div><div class=\"fusion-text fusion-text-3\"><ul>\n<li>Weitere Person ab 5 Jahre + \u20ac 34\/Pers.Tag<\/li>\n<li>Ortstaxe: \u20ac 3,10 pro Person und Tag ab 14 Jahren.<\/li>\n<\/ul>\n<\/div><div class=\"fusion-clearfix\"><\/div><\/div><\/div><\/div><style type=\"text\/css\">.fusion-fullwidth.fusion-builder-row-2-1 { overflow:visible; }<\/style><\/div>\n<\/div><\/div><div class=\"fusion-clearfix\"><\/div><\/article>\n<\/div><\/div><div class=\"fusion-clearfix\"><\/div><\/div><\/div><\/div><\/div><\/p>\n","protected":false},"excerpt":{"rendered":"","protected":false},"author":1,"featured_media":0,"comment_status":"open","ping_status":"closed","sticky":false,"template":"","format":"standard","meta":{"footnotes":""},"categories":[14],"tags":[],"_links":{"self":[{"href":"https:\/\/www.larchenheim.com\/de\/wp-json\/wp\/v2\/posts\/824"}],"collection":[{"href":"https:\/\/www.larchenheim.com\/de\/wp-json\/wp\/v2\/posts"}],"about":[{"href":"https:\/\/www.larchenheim.com\/de\/wp-json\/wp\/v2\/types\/post"}],"author":[{"embeddable":true,"href":"https:\/\/www.larchenheim.com\/de\/wp-json\/wp\/v2\/users\/1"}],"replies":[{"embeddable":true,"href":"https:\/\/www.larchenheim.com\/de\/wp-json\/wp\/v2\/comments?post=824"}],"version-history":[{"count":8,"href":"https:\/\/www.larchenheim.com\/de\/wp-json\/wp\/v2\/posts\/824\/revisions"}],"predecessor-version":[{"id":1484,"href":"https:\/\/www.larchenheim.com\/de\/wp-json\/wp\/v2\/posts\/824\/revisions\/1484"}],"wp:attachment":[{"href":"https:\/\/www.larchenheim.com\/de\/wp-json\/wp\/v2\/media?parent=824"}],"wp:term":[{"taxonomy":"category","embeddable":true,"href":"https:\/\/www.larchenheim.com\/de\/wp-json\/wp\/v2\/categories?post=824"},{"taxonomy":"post_tag","embeddable":true,"href":"https:\/\/www.larchenheim.com\/de\/wp-json\/wp\/v2\/tags?post=824"}],"curies":[{"name":"wp","href":"https:\/\/api.w.org\/{rel}","templated":true}]}}