{"id":1413,"date":"2021-11-08T15:44:45","date_gmt":"2021-11-08T14:44:45","guid":{"rendered":"https:\/\/www.larchenheim.com\/io-resto-qui"},"modified":"2024-02-22T18:31:47","modified_gmt":"2024-02-22T17:31:47","slug":"ferienwohnung-i-bleib-do","status":"publish","type":"post","link":"https:\/\/www.larchenheim.com\/de\/ferienwohnung-i-bleib-do","title":{"rendered":"Ferienwohnung &#8222;I bleib do&#8220;"},"content":{"rendered":"<p><div class=\"fusion-fullwidth fullwidth-box fusion-builder-row-1 hundred-percent-fullwidth non-hundred-percent-height-scrolling fusion-equal-height-columns\" style=\"background-color: rgba(255,255,255,0);background-position: left top;background-repeat: no-repeat;padding-top:0px;padding-right:0px;padding-bottom:20px;padding-left:0px;margin-bottom: 0px;margin-top: 0px;border-width: 0px 0px 0px 0px;border-color:#eae9e9;border-style:solid;\" ><div class=\"fusion-builder-row fusion-row\"><div class=\"fusion-layout-column fusion_builder_column fusion-builder-column-0 fusion_builder_column_1_2 1_2 fusion-one-half fusion-column-first\" style=\"margin-top:0px;margin-bottom:20px;\"><div class=\"fusion-column-wrapper fusion-flex-column-wrapper-legacy\" style=\"background-image: url(&#039;https:\/\/www.larchenheim.com\/wp-content\/uploads\/appartamento-io-resto-qui-casa-vacanza-alto-adige-dolomiti-prezzi-bolzano-bressanone-vacanze-invernali-estive-offerte-appartamento-larchenheim.jpg&#039;);background-position:left top;background-repeat:no-repeat;-webkit-background-size:cover;-moz-background-size:cover;-o-background-size:cover;background-size:cover;padding: 22% 22% 22% 22%;\" data-bg-url=\"https:\/\/www.larchenheim.com\/wp-content\/uploads\/appartamento-io-resto-qui-casa-vacanza-alto-adige-dolomiti-prezzi-bolzano-bressanone-vacanze-invernali-estive-offerte-appartamento-larchenheim.jpg\"><div class=\"fusion-clearfix\"><\/div><\/div><\/div><div class=\"fusion-layout-column fusion_builder_column fusion-builder-column-1 fusion_builder_column_1_2 1_2 fusion-one-half fusion-column-last\" style=\"margin-top:0px;margin-bottom:20px;\"><div class=\"fusion-column-wrapper fusion-flex-column-wrapper-legacy\" style=\"background-image: url(&#039;https:\/\/www.larchenheim.com\/wp-content\/uploads\/appartamento-io-resto-qui-casa-vacanza-alto-adige-dolomiti-prezzi-bolzano-bressanone-vacanze-invernali-estive-offerte-appartamento-larchenheim2.jpg&#039;);background-position:left top;background-repeat:no-repeat;-webkit-background-size:cover;-moz-background-size:cover;-o-background-size:cover;background-size:cover;padding: 22% 22% 22% 22%;\" data-bg-url=\"https:\/\/www.larchenheim.com\/wp-content\/uploads\/appartamento-io-resto-qui-casa-vacanza-alto-adige-dolomiti-prezzi-bolzano-bressanone-vacanze-invernali-estive-offerte-appartamento-larchenheim2.jpg\"><div class=\"fusion-clearfix\"><\/div><\/div><\/div><\/div><\/div><div class=\"fusion-fullwidth fullwidth-box fusion-builder-row-2 nonhundred-percent-fullwidth non-hundred-percent-height-scrolling\" style=\"background-color: rgba(255,255,255,0);background-position: left top;background-repeat: no-repeat;padding-top:0px;padding-right:0px;padding-bottom:20px;padding-left:0px;margin-bottom: 0px;margin-top: 0px;border-width: 0px 0px 0px 0px;border-color:#eae9e9;border-style:solid;\" ><div class=\"fusion-builder-row fusion-row\"><div class=\"fusion-layout-column fusion_builder_column fusion-builder-column-2 fusion_builder_column_1_2 1_2 fusion-one-half fusion-column-first\" style=\"width:48%; margin-right: 4%;margin-top:0px;margin-bottom:20px;\"><div class=\"fusion-column-wrapper fusion-flex-column-wrapper-legacy\" style=\"background-position:left top;background-repeat:no-repeat;-webkit-background-size:cover;-moz-background-size:cover;-o-background-size:cover;background-size:cover;padding: 0px 0px 0px 0px;\"><div class=\"fusion-text fusion-text-1\"><h1>Ferienwohnungen<\/h1>\n<p>Ein Tal in dem landschaftliche Sch\u00f6nheit und die Urspr\u00fcnglichkeit S\u00fcdtirols noch weitgehend erhalten sind.<\/p>\n<p>Ziel eines erholsamen Aufenthaltes abseits von Massentourismus, Hektik und Landschaftszerst\u00f6rung.<\/p>\n<p>Auf 1420m H\u00f6he unter den ber\u00fchmten \u00fcber 2000 Jahre alten Url\u00e4rchen und direkt am H\u00f6feweg inmitten von Wiesen und W\u00e4ldern befindet sich unser L\u00e4rchenheim.<\/p>\n<p>1953 im typischen alpinen Blockhausstil gebaut, 2015 im Einklang der Natur renoviert. Ein atemberaubender Ausblick, Tal einw\u00e4rts schauen uns die letzten Ausl\u00e4ufe des Ortlers-Cevedale, und unser Hausberg Nagelstein entgegen. Talausw\u00e4rts schauen wir \u00fcber den Zoggler Stausee zu den Meraner Bergen. N\u00e4her stehen uns Bergh\u00f6fe mit saftigen Wiesen und W\u00e4ldern gegen\u00fcber.<\/p>\n<\/div><div class=\"fusion-clearfix\"><\/div><\/div><\/div><div class=\"fusion-layout-column fusion_builder_column fusion-builder-column-3 fusion_builder_column_1_2 1_2 fusion-one-half fusion-column-last\" style=\"width:48%;margin-top:0px;margin-bottom:20px;\"><div class=\"fusion-column-wrapper fusion-flex-column-wrapper-legacy\" style=\"background-position:left top;background-repeat:no-repeat;-webkit-background-size:cover;-moz-background-size:cover;-o-background-size:cover;background-size:cover;padding: 0px 0px 0px 0px;\"><div class=\"fusion-text fusion-text-2\"><h1 style=\"text-align: left;\">Eine Wohnung von 55 qm<\/h1>\n<section class=\"av_textblock_section\">\n<div class=\"avia_textblock \">\n<section class=\"av_textblock_section\">\n<div class=\"avia_textblock \">\n<section class=\"av_textblock_section\">F\u00fcr die Einrichtung wurde vorwiegend Fichtenholz kombiniert mit alten L\u00e4rchenholz, das Geschichten erz\u00e4hlen k\u00f6nnte, verwendet.<br \/>\nSehr gepflegte Details, ausgesucht um unseren G\u00e4sten ein heimeliges Gef\u00fchl zu vermitteln, finden sie in unseren Wohnungen.<br \/>\nWir sind \u00fcberzeugt, da\u00df ein beruhigendes Ambiente das Entspannen und Erholen unterst\u00fctzt.<\/section>\n<\/div>\n<\/section>\n<\/div>\n<\/section>\n<p>Direkt am L\u00e4rchenheim liegt der bekannte H\u00f6feweg, der Sie an den sch\u00f6nsten Juwelen der Baukultur uriger H\u00f6fe unseres Landes vorbeif\u00fchrt.<\/p>\n<p>Wir freuen uns, Sie in unser gem\u00fctliches Ambiente beherbergen zu d\u00fcrfen und Ihren Urlaub mit anderen Kuriosit\u00e4ten zu begleiten.<\/p>\n<\/div><div class=\"fusion-clearfix\"><\/div><\/div><\/div><div class=\"fusion-layout-column fusion_builder_column fusion-builder-column-4 fusion_builder_column_1_1 1_1 fusion-one-full fusion-column-first fusion-column-last\" style=\"margin-top:0px;margin-bottom:20px;\"><div class=\"fusion-column-wrapper fusion-flex-column-wrapper-legacy\" style=\"background-position:left top;background-repeat:no-repeat;-webkit-background-size:cover;-moz-background-size:cover;-o-background-size:cover;background-size:cover;padding: 0px 0px 0px 0px;\"><style type=\"text\/css\">.fusion-gallery-1 .fusion-gallery-image {border:0px solid #e2e2e2;}<\/style><div class=\"fusion-gallery fusion-gallery-container fusion-grid-3 fusion-columns-total-3 fusion-gallery-layout-grid fusion-gallery-1\" style=\"margin:-5px;\"><div style=\"padding:5px;\" class=\"fusion-grid-column fusion-gallery-column fusion-gallery-column-3 hover-type-none\"><div class=\"fusion-gallery-image\"><a href=\"https:\/\/www.larchenheim.com\/wp-content\/uploads\/appartamento-io-resto-qui-casa-vacanza-alto-adige-dolomiti-prezzi-bolzano-bressanone-vacanze-invernali-estive-offerte-appartamento-larchenheim5.jpg\" rel=\"noreferrer\" data-rel=\"iLightbox[gallery_image_1]\" class=\"fusion-lightbox\" target=\"_self\"><img decoding=\"async\" src=\"https:\/\/www.larchenheim.com\/wp-content\/uploads\/appartamento-io-resto-qui-casa-vacanza-alto-adige-dolomiti-prezzi-bolzano-bressanone-vacanze-invernali-estive-offerte-appartamento-larchenheim5.jpg\" width=\"1000\" height=\"446\" alt=\"\" title=\"appartamento-io-resto-qui-casa-vacanza-alto-adige-dolomiti-prezzi-bolzano-bressanone-vacanze-invernali-estive-offerte-appartamento-larchenheim5\" aria-label=\"appartamento-io-resto-qui-casa-vacanza-alto-adige-dolomiti-prezzi-bolzano-bressanone-vacanze-invernali-estive-offerte-appartamento-larchenheim5\" class=\"img-responsive wp-image-1410\" srcset=\"https:\/\/www.larchenheim.com\/wp-content\/uploads\/appartamento-io-resto-qui-casa-vacanza-alto-adige-dolomiti-prezzi-bolzano-bressanone-vacanze-invernali-estive-offerte-appartamento-larchenheim5-200x89.jpg 200w, https:\/\/www.larchenheim.com\/wp-content\/uploads\/appartamento-io-resto-qui-casa-vacanza-alto-adige-dolomiti-prezzi-bolzano-bressanone-vacanze-invernali-estive-offerte-appartamento-larchenheim5-400x178.jpg 400w, https:\/\/www.larchenheim.com\/wp-content\/uploads\/appartamento-io-resto-qui-casa-vacanza-alto-adige-dolomiti-prezzi-bolzano-bressanone-vacanze-invernali-estive-offerte-appartamento-larchenheim5-600x268.jpg 600w, https:\/\/www.larchenheim.com\/wp-content\/uploads\/appartamento-io-resto-qui-casa-vacanza-alto-adige-dolomiti-prezzi-bolzano-bressanone-vacanze-invernali-estive-offerte-appartamento-larchenheim5-800x357.jpg 800w, https:\/\/www.larchenheim.com\/wp-content\/uploads\/appartamento-io-resto-qui-casa-vacanza-alto-adige-dolomiti-prezzi-bolzano-bressanone-vacanze-invernali-estive-offerte-appartamento-larchenheim5.jpg 1000w\" sizes=\"(min-width: 2200px) 100vw, (min-width: 784px) 363px, (min-width: 712px) 545px, (min-width: 640px) 712px, \" \/><\/a><\/div><\/div><div style=\"padding:5px;\" class=\"fusion-grid-column fusion-gallery-column fusion-gallery-column-3 hover-type-none\"><div class=\"fusion-gallery-image\"><a href=\"https:\/\/www.larchenheim.com\/wp-content\/uploads\/appartamento-io-resto-qui-casa-vacanza-alto-adige-dolomiti-prezzi-bolzano-bressanone-vacanze-invernali-estive-offerte-appartamento-larchenheim4.jpg\" rel=\"noreferrer\" data-rel=\"iLightbox[gallery_image_1]\" class=\"fusion-lightbox\" target=\"_self\"><img decoding=\"async\" src=\"https:\/\/www.larchenheim.com\/wp-content\/uploads\/appartamento-io-resto-qui-casa-vacanza-alto-adige-dolomiti-prezzi-bolzano-bressanone-vacanze-invernali-estive-offerte-appartamento-larchenheim4.jpg\" width=\"1000\" height=\"446\" alt=\"\" title=\"appartamento-io-resto-qui-casa-vacanza-alto-adige-dolomiti-prezzi-bolzano-bressanone-vacanze-invernali-estive-offerte-appartamento-larchenheim4\" aria-label=\"appartamento-io-resto-qui-casa-vacanza-alto-adige-dolomiti-prezzi-bolzano-bressanone-vacanze-invernali-estive-offerte-appartamento-larchenheim4\" class=\"img-responsive wp-image-1407\" srcset=\"https:\/\/www.larchenheim.com\/wp-content\/uploads\/appartamento-io-resto-qui-casa-vacanza-alto-adige-dolomiti-prezzi-bolzano-bressanone-vacanze-invernali-estive-offerte-appartamento-larchenheim4-200x89.jpg 200w, https:\/\/www.larchenheim.com\/wp-content\/uploads\/appartamento-io-resto-qui-casa-vacanza-alto-adige-dolomiti-prezzi-bolzano-bressanone-vacanze-invernali-estive-offerte-appartamento-larchenheim4-400x178.jpg 400w, https:\/\/www.larchenheim.com\/wp-content\/uploads\/appartamento-io-resto-qui-casa-vacanza-alto-adige-dolomiti-prezzi-bolzano-bressanone-vacanze-invernali-estive-offerte-appartamento-larchenheim4-600x268.jpg 600w, https:\/\/www.larchenheim.com\/wp-content\/uploads\/appartamento-io-resto-qui-casa-vacanza-alto-adige-dolomiti-prezzi-bolzano-bressanone-vacanze-invernali-estive-offerte-appartamento-larchenheim4-800x357.jpg 800w, https:\/\/www.larchenheim.com\/wp-content\/uploads\/appartamento-io-resto-qui-casa-vacanza-alto-adige-dolomiti-prezzi-bolzano-bressanone-vacanze-invernali-estive-offerte-appartamento-larchenheim4.jpg 1000w\" sizes=\"(min-width: 2200px) 100vw, (min-width: 784px) 363px, (min-width: 712px) 545px, (min-width: 640px) 712px, \" \/><\/a><\/div><\/div><div style=\"padding:5px;\" class=\"fusion-grid-column fusion-gallery-column fusion-gallery-column-3 hover-type-none\"><div class=\"fusion-gallery-image\"><a href=\"https:\/\/www.larchenheim.com\/wp-content\/uploads\/appartamento-io-resto-qui-casa-vacanza-alto-adige-dolomiti-prezzi-bolzano-bressanone-vacanze-invernali-estive-offerte-appartamento-larchenheim3.jpg\" rel=\"noreferrer\" data-rel=\"iLightbox[gallery_image_1]\" class=\"fusion-lightbox\" target=\"_self\"><img decoding=\"async\" src=\"https:\/\/www.larchenheim.com\/wp-content\/uploads\/appartamento-io-resto-qui-casa-vacanza-alto-adige-dolomiti-prezzi-bolzano-bressanone-vacanze-invernali-estive-offerte-appartamento-larchenheim3.jpg\" width=\"1000\" height=\"446\" alt=\"\" title=\"appartamento-io-resto-qui-casa-vacanza-alto-adige-dolomiti-prezzi-bolzano-bressanone-vacanze-invernali-estive-offerte-appartamento-larchenheim3\" aria-label=\"appartamento-io-resto-qui-casa-vacanza-alto-adige-dolomiti-prezzi-bolzano-bressanone-vacanze-invernali-estive-offerte-appartamento-larchenheim3\" class=\"img-responsive wp-image-1404\" srcset=\"https:\/\/www.larchenheim.com\/wp-content\/uploads\/appartamento-io-resto-qui-casa-vacanza-alto-adige-dolomiti-prezzi-bolzano-bressanone-vacanze-invernali-estive-offerte-appartamento-larchenheim3-200x89.jpg 200w, https:\/\/www.larchenheim.com\/wp-content\/uploads\/appartamento-io-resto-qui-casa-vacanza-alto-adige-dolomiti-prezzi-bolzano-bressanone-vacanze-invernali-estive-offerte-appartamento-larchenheim3-400x178.jpg 400w, https:\/\/www.larchenheim.com\/wp-content\/uploads\/appartamento-io-resto-qui-casa-vacanza-alto-adige-dolomiti-prezzi-bolzano-bressanone-vacanze-invernali-estive-offerte-appartamento-larchenheim3-600x268.jpg 600w, https:\/\/www.larchenheim.com\/wp-content\/uploads\/appartamento-io-resto-qui-casa-vacanza-alto-adige-dolomiti-prezzi-bolzano-bressanone-vacanze-invernali-estive-offerte-appartamento-larchenheim3-800x357.jpg 800w, https:\/\/www.larchenheim.com\/wp-content\/uploads\/appartamento-io-resto-qui-casa-vacanza-alto-adige-dolomiti-prezzi-bolzano-bressanone-vacanze-invernali-estive-offerte-appartamento-larchenheim3.jpg 1000w\" sizes=\"(min-width: 2200px) 100vw, (min-width: 784px) 363px, (min-width: 712px) 545px, (min-width: 640px) 712px, \" \/><\/a><\/div><\/div><div class=\"clearfix\"><\/div><\/div><div class=\"fusion-clearfix\"><\/div><\/div><\/div><\/div><\/div><div class=\"fusion-fullwidth fullwidth-box fusion-builder-row-3 hundred-percent-fullwidth non-hundred-percent-height-scrolling fusion-equal-height-columns\" style=\"background-color: rgba(255,255,255,0);background-position: left top;background-repeat: no-repeat;padding-top:20px;padding-right:0px;padding-bottom:20px;padding-left:0px;margin-bottom: 0px;margin-top: 0px;border-width: 0px 0px 0px 0px;border-color:#eae9e9;border-style:solid;\" ><div class=\"fusion-builder-row fusion-row\"><div class=\"fusion-layout-column fusion_builder_column fusion-builder-column-5 fusion_builder_column_1_2 1_2 fusion-one-half fusion-column-first\" style=\"margin-top:0px;margin-bottom:20px;\"><div class=\"fusion-column-wrapper fusion-flex-column-wrapper-legacy\" style=\"background-image: url(&#039;https:\/\/www.larchenheim.com\/wp-content\/uploads\/appartamento-io-resto-qui-casa-vacanza-alto-adige-dolomiti-prezzi-bolzano-bressanone-vacanze-invernali-estive-offerte-appartamento-larchenheim6.jpg&#039;);background-position:left top;background-repeat:no-repeat;-webkit-background-size:cover;-moz-background-size:cover;-o-background-size:cover;background-size:cover;padding: 22% 22% 22% 22%;\" data-bg-url=\"https:\/\/www.larchenheim.com\/wp-content\/uploads\/appartamento-io-resto-qui-casa-vacanza-alto-adige-dolomiti-prezzi-bolzano-bressanone-vacanze-invernali-estive-offerte-appartamento-larchenheim6.jpg\"><div class=\"fusion-clearfix\"><\/div><\/div><\/div><div class=\"fusion-layout-column fusion_builder_column fusion-builder-column-6 fusion_builder_column_1_2 1_2 fusion-one-half fusion-column-last\" style=\"margin-top:0px;margin-bottom:20px;\"><div class=\"fusion-column-wrapper fusion-flex-column-wrapper-legacy\" style=\"background-image: url(&#039;https:\/\/www.larchenheim.com\/wp-content\/uploads\/appartamento-io-resto-qui-casa-vacanza-alto-adige-dolomiti-prezzi-bolzano-bressanone-vacanze-invernali-estive-offerte-appartamento-larchenheim7.jpg&#039;);background-position:left top;background-repeat:no-repeat;-webkit-background-size:cover;-moz-background-size:cover;-o-background-size:cover;background-size:cover;padding: 22% 22% 22% 22%;\" data-bg-url=\"https:\/\/www.larchenheim.com\/wp-content\/uploads\/appartamento-io-resto-qui-casa-vacanza-alto-adige-dolomiti-prezzi-bolzano-bressanone-vacanze-invernali-estive-offerte-appartamento-larchenheim7.jpg\"><div class=\"fusion-clearfix\"><\/div><\/div><\/div><\/div><\/div><div class=\"fusion-fullwidth fullwidth-box fusion-builder-row-4 nonhundred-percent-fullwidth non-hundred-percent-height-scrolling fusion-equal-height-columns\" style=\"background-color: rgba(255,255,255,0);background-position: left top;background-repeat: no-repeat;padding-top:20px;padding-right:0px;padding-bottom:20px;padding-left:0px;margin-bottom: 0px;margin-top: 0px;border-width: 0px 0px 0px 0px;border-color:#eae9e9;border-style:solid;\" ><div class=\"fusion-builder-row fusion-row\"><div class=\"fusion-layout-column fusion_builder_column fusion-builder-column-7 fusion_builder_column_1_1 1_1 fusion-one-full fusion-column-first fusion-column-last fusion-column-no-min-height\" style=\"margin-top:0px;margin-bottom:0px;\"><div class=\"fusion-column-wrapper fusion-flex-column-wrapper-legacy\" style=\"background-position:left top;background-repeat:no-repeat;-webkit-background-size:cover;-moz-background-size:cover;-o-background-size:cover;background-size:cover;padding: 0px 0px 0px 0px;\"><div class=\"fusion-text fusion-text-3\"><h1 style=\"text-align: center;\">Dienstleistungen unseres Hauses L\u00e4rchenheim<\/h1>\n<\/div><div class=\"fusion-clearfix\"><\/div><\/div><\/div><div class=\"fusion-layout-column fusion_builder_column fusion-builder-column-8 fusion_builder_column_1_3 1_3 fusion-one-third fusion-column-first fusion-animated\" style=\"margin-top:0px;margin-bottom:20px;\" data-animationType=\"fadeInUp\" data-animationDuration=\"0.6\" data-animationOffset=\"100%\"><div class=\"fusion-column-wrapper fusion-flex-column-wrapper-legacy\" style=\"background-position:left top;background-repeat:no-repeat;-webkit-background-size:cover;-moz-background-size:cover;-o-background-size:cover;background-size:cover;padding: 0px 0px 0px 0px;\"><ul class=\"fusion-checklist fusion-checklist-1\" style=\"font-size:15px;line-height:25.5px;\"><li class=\"fusion-li-item\"><span style=\"height:25.5px;width:25.5px;margin-right:10.5px;\" class=\"icon-wrapper circle-no\"><i class=\"fusion-li-icon fa fa-check-square-o\" style=\"color:#4C423E;\" aria-hidden=\"true\"><\/i><\/span><div class=\"fusion-li-item-content\" style=\"margin-left:36px;\">Wohnbereich mit Schlafsofa<\/div><\/li><li class=\"fusion-li-item\"><span style=\"height:25.5px;width:25.5px;margin-right:10.5px;\" class=\"icon-wrapper circle-no\"><i class=\"fusion-li-icon fa fa-check-square-o\" style=\"color:#4C423E;\" aria-hidden=\"true\"><\/i><\/span><div class=\"fusion-li-item-content\" style=\"margin-left:36px;\">Kochzone<\/div><\/li><li class=\"fusion-li-item\"><span style=\"height:25.5px;width:25.5px;margin-right:10.5px;\" class=\"icon-wrapper circle-no\"><i class=\"fusion-li-icon fa fa-check-square-o\" style=\"color:#4C423E;\" aria-hidden=\"true\"><\/i><\/span><div class=\"fusion-li-item-content\" style=\"margin-left:36px;\">Doppelzimmer mit Balkon<\/div><\/li><\/ul><div class=\"fusion-clearfix\"><\/div><\/div><\/div><div class=\"fusion-layout-column fusion_builder_column fusion-builder-column-9 fusion_builder_column_1_3 1_3 fusion-one-third fusion-animated\" style=\"margin-top:0px;margin-bottom:20px;\" data-animationType=\"fadeInUp\" data-animationDuration=\"0.6\" data-animationOffset=\"100%\"><div class=\"fusion-column-wrapper fusion-flex-column-wrapper-legacy\" style=\"background-position:left top;background-repeat:no-repeat;-webkit-background-size:cover;-moz-background-size:cover;-o-background-size:cover;background-size:cover;padding: 0px 0px 0px 0px;\"><ul class=\"fusion-checklist fusion-checklist-2\" style=\"font-size:15px;line-height:25.5px;\"><li class=\"fusion-li-item\"><span style=\"height:25.5px;width:25.5px;margin-right:10.5px;\" class=\"icon-wrapper circle-no\"><i class=\"fusion-li-icon fa fa-check-square-o\" style=\"color:#4C423E;\" aria-hidden=\"true\"><\/i><\/span><div class=\"fusion-li-item-content\" style=\"margin-left:36px;\">Badezimmer mit Dusche \/ WC \/ Bidet<\/div><\/li><li class=\"fusion-li-item\"><span style=\"height:25.5px;width:25.5px;margin-right:10.5px;\" class=\"icon-wrapper circle-no\"><i class=\"fusion-li-icon fa fa-check-square-o\" style=\"color:#4C423E;\" aria-hidden=\"true\"><\/i><\/span><div class=\"fusion-li-item-content\" style=\"margin-left:36px;\">Privatparkplatz<\/div><\/li><li class=\"fusion-li-item\"><span style=\"height:25.5px;width:25.5px;margin-right:10.5px;\" class=\"icon-wrapper circle-no\"><i class=\"fusion-li-icon fa fa-check-square-o\" style=\"color:#4C423E;\" aria-hidden=\"true\"><\/i><\/span><div class=\"fusion-li-item-content\" style=\"margin-left:36px;\">Garten<\/div><\/li><\/ul><div class=\"fusion-clearfix\"><\/div><\/div><\/div><div class=\"fusion-layout-column fusion_builder_column fusion-builder-column-10 fusion_builder_column_1_3 1_3 fusion-one-third fusion-column-last fusion-animated\" style=\"margin-top:0px;margin-bottom:20px;\" data-animationType=\"fadeInUp\" data-animationDuration=\"0.6\" data-animationOffset=\"100%\"><div class=\"fusion-column-wrapper fusion-flex-column-wrapper-legacy\" style=\"background-position:left top;background-repeat:no-repeat;-webkit-background-size:cover;-moz-background-size:cover;-o-background-size:cover;background-size:cover;padding: 0px 0px 0px 0px;\"><ul class=\"fusion-checklist fusion-checklist-3\" style=\"font-size:15px;line-height:25.5px;\"><li class=\"fusion-li-item\"><span style=\"height:25.5px;width:25.5px;margin-right:10.5px;\" class=\"icon-wrapper circle-no\"><i class=\"fusion-li-icon fa fa-check-square-o\" style=\"color:#4C423E;\" aria-hidden=\"true\"><\/i><\/span><div class=\"fusion-li-item-content\" style=\"margin-left:36px;\">TV<\/div><\/li><li class=\"fusion-li-item\"><span style=\"height:25.5px;width:25.5px;margin-right:10.5px;\" class=\"icon-wrapper circle-no\"><i class=\"fusion-li-icon fa fa-check-square-o\" style=\"color:#4C423E;\" aria-hidden=\"true\"><\/i><\/span><div class=\"fusion-li-item-content\" style=\"margin-left:36px;\">Internet<\/div><\/li><\/ul><div class=\"fusion-clearfix\"><\/div><\/div><\/div><\/div><\/div><div class=\"fusion-fullwidth fullwidth-box fusion-builder-row-5 nonhundred-percent-fullwidth non-hundred-percent-height-scrolling fusion-equal-height-columns\" style=\"background-color: rgba(255,255,255,0);background-position: left top;background-repeat: no-repeat;padding-top:20px;padding-right:20px;padding-bottom:20px;padding-left:20px;margin-bottom: 0px;margin-top: 0px;border-width: 0px 0px 0px 0px;border-color:#eae9e9;border-style:solid;\" ><div class=\"fusion-builder-row fusion-row\"><div class=\"fusion-layout-column fusion_builder_column fusion-builder-column-11 fusion_builder_column_1_1 1_1 fusion-one-full fusion-column-first fusion-column-last fusion-column-no-min-height\" style=\"margin-top:0px;margin-bottom:0px;\"><div class=\"fusion-column-wrapper fusion-flex-column-wrapper-legacy\" style=\"background-position:left top;background-repeat:no-repeat;-webkit-background-size:cover;-moz-background-size:cover;-o-background-size:cover;background-size:cover;padding: 0px 0px 0px 0px;\"><div class=\"fusion-blog-shortcode fusion-blog-shortcode-1 fusion-blog-archive fusion-blog-layout-large fusion-blog-no fusion-blog-no-images\"><div class=\"fusion-posts-container fusion-posts-container-no fusion-no-meta-info\" data-pages=\"1\"><article id=\"blog-1-post-943\" class=\"fusion-post-large post-943 post type-post status-publish format-standard hentry category-tabelle-preise category-unkategorisiert\">\n<div class=\"fusion-post-content post-content\"><div class=\"fusion-post-content-container\"><div class=\"fusion-fullwidth fullwidth-box fusion-builder-row-5-1 hundred-percent-fullwidth non-hundred-percent-height-scrolling\" style=\"background-color: rgba(255,255,255,0);background-position: center center;background-repeat: no-repeat;padding-top:0px;padding-right:0px;padding-bottom:0px;padding-left:0px;margin-bottom: 0px;margin-top: 0px;border-width: 0px 0px 0px 0px;border-color:#eae9e9;border-style:solid;\" ><div class=\"fusion-builder-row fusion-row\"><div class=\"fusion-layout-column fusion_builder_column fusion-builder-column-12 fusion_builder_column_1_1 1_1 fusion-one-full fusion-column-first fusion-column-last fusion-column-no-min-height\" style=\"margin-top:0px;margin-bottom:0px;\"><div class=\"fusion-column-wrapper fusion-flex-column-wrapper-legacy\" style=\"background-position:left top;background-repeat:no-repeat;-webkit-background-size:cover;-moz-background-size:cover;-o-background-size:cover;background-size:cover;padding: 0px 0px 0px 0px;\"><div class=\"fusion-text fusion-text-4\"><h1 style=\"text-align: center;\" data-lineheight=\"35\" data-fontsize=\"25\">Wohnungen Preise f\u00fcr 2 Pers. \/ Nacht<\/h1>\n<\/div><div class=\"fusion-clearfix\"><\/div><\/div><\/div><div class=\"fusion-layout-column fusion_builder_column fusion-builder-column-13 fusion_builder_column_1_1 1_1 fusion-one-full fusion-column-first fusion-column-last fusion-column-no-min-height\" style=\"margin-top:0px;margin-bottom:0px;\"><div class=\"fusion-column-wrapper fusion-flex-column-wrapper-legacy\" style=\"background-position:left top;background-repeat:no-repeat;-webkit-background-size:cover;-moz-background-size:cover;-o-background-size:cover;background-size:cover;padding: 0px 0px 0px 0px;\"><style type='text\/css'>\n\t\t\t\t.pricing-table-1 .panel-container, .pricing-table-1 .standout .panel-container,\n\t\t\t\t.pricing-table-1.full-boxed-pricing {background-color:#f8f8f8;}\n\t\t\t\t.pricing-table-1 .list-group .list-group-item,\n\t\t\t\t.pricing-table-1 .list-group .list-group-item:last-child{background-color:#ffffff; border-color:#ededed;}\n\t\t\t\t.pricing-table-1.full-boxed-pricing .panel-wrapper:hover .panel-heading,\n\t\t\t\t.pricing-table-1 .panel-wrapper:hover .list-group-item {background-color:#f8f8f8;}\n\t\t\t\t.pricing-table-1.full-boxed-pricing .panel-heading{background-color:#ffffff;}\n\t\t\t\t.pricing-table-1 .fusion-panel, .pricing-table-1 .panel-wrapper:last-child .fusion-panel,\n\t\t\t\t.pricing-table-1 .standout .fusion-panel, .pricing-table-1  .panel-heading,\n\t\t\t\t.pricing-table-1 .panel-body, .pricing-table-1 .panel-footer{border-color:#ededed;}\n\t\t\t\t.pricing-table-1 .panel-body,.pricing-table-1 .panel-footer{background-color:#f8f8f8;}\n\t\t\t\t.pricing-table-1.sep-boxed-pricing .panel-heading h3{color:#333333;}\n\t\t\t\t.pricing-table-1.full-boxed-pricing.fusion-pricing-table .panel-heading h3{color:#333333;}\n\t\t\t\t.pricing-table-1.fusion-pricing-table .panel-body .price .decimal-part{color:#a51916;}\n\t\t\t\t.pricing-table-1.fusion-pricing-table .panel-body .price .integer-part{color:#a51916;}\n\t\t\t\t.pricing-table-1 ul.list-group li{color:#565656;}\n\t\t\t\t<\/style><div class=\"fusion-pricing-table pricing-table-1 full-boxed-pricing row fusion-columns-3 columns-3 fusion-clearfix tabella-prezzi\"><div class=\"panel-wrapper fusion-column column col-lg-4 col-md-4 col-sm-4 fusion-pricingtable-column\"><div class=\"panel-container\"><div class=\"fusion-panel\"><div class=\"panel-heading\"><h3 class=\"title-row\">Los di gian 2+2<\/h3><\/div><div class=\"panel-body pricing-row\"><div class=\"price \"><span class=\"currency\">\u20ac<\/span><span class=\"integer-part\">138<\/span><\/div><\/div><\/ul><div class=\"panel-footer footer-row\">+ \u20ac 5,00 Infrarotkabine<\/div><\/div><\/div><\/div><div class=\"panel-wrapper fusion-column column col-lg-4 col-md-4 col-sm-4 standout fusion-pricingtable-column\"><div class=\"panel-container\"><div class=\"fusion-panel\"><div class=\"panel-heading\"><h3 class=\"title-row\">Ban ins drhuam 2+2<\/h3><\/div><div class=\"panel-body pricing-row\"><div class=\"price \"><span class=\"currency\">\u20ac<\/span><span class=\"integer-part\">138<\/span><\/div><\/div><\/div><\/div><\/div><div class=\"panel-wrapper fusion-column column col-lg-4 col-md-4 col-sm-4 fusion-pricingtable-column\"><div class=\"panel-container\"><div class=\"fusion-panel\"><div class=\"panel-heading\"><h3 class=\"title-row\">I bleib do 2+2<\/h3><\/div><div class=\"panel-body pricing-row\"><div class=\"price \"><span class=\"currency\">\u20ac<\/span><span class=\"integer-part\">138<\/span><\/div><\/div><\/div><\/div><\/div><\/div><div class=\"fusion-text fusion-text-5\"><ul>\n<li>Weitere Person ab 5 Jahre + \u20ac 34\/Pers.Tag<\/li>\n<li>Ortstaxe: \u20ac 3,10 pro Person und Tag ab 14 Jahren.<\/li>\n<\/ul>\n<\/div><div class=\"fusion-clearfix\"><\/div><\/div><\/div><\/div><style type=\"text\/css\">.fusion-fullwidth.fusion-builder-row-5-1 { overflow:visible; }<\/style><\/div>\n<\/div><\/div><div class=\"fusion-clearfix\"><\/div><\/article>\n<\/div><\/div><div class=\"fusion-clearfix\"><\/div><\/div><\/div><\/div><\/div><div class=\"fusion-fullwidth fullwidth-box fusion-builder-row-6 hundred-percent-fullwidth non-hundred-percent-height-scrolling\" style=\"background-color: rgba(255,255,255,0);background-position: center center;background-repeat: no-repeat;padding-top:0px;padding-right:0px;padding-bottom:0px;padding-left:0px;margin-bottom: 0px;margin-top: 0px;border-width: 0px 0px 0px 0px;border-color:#eae9e9;border-style:solid;\" ><div class=\"fusion-builder-row fusion-row\"><div class=\"fusion-layout-column fusion_builder_column fusion-builder-column-14 fusion_builder_column_1_1 1_1 fusion-one-full fusion-column-first fusion-column-last fusion-column-no-min-height\" style=\"margin-top:0px;margin-bottom:0px;\"><div class=\"fusion-column-wrapper fusion-flex-column-wrapper-legacy\" style=\"background-position:left top;background-repeat:no-repeat;-webkit-background-size:cover;-moz-background-size:cover;-o-background-size:cover;background-size:cover;padding: 0px 0px 0px 0px;\"><div class=\"fusion-blog-shortcode fusion-blog-shortcode-2 fusion-blog-archive fusion-blog-layout-large fusion-blog-pagination fusion-blog-no-images\"><div class=\"fusion-posts-container fusion-posts-container-pagination fusion-no-meta-info\" data-pages=\"1\"><article id=\"blog-2-post-791\" class=\"fusion-post-large post-791 post type-post status-publish format-standard hentry category-landing-de\">\n<div class=\"fusion-post-content post-content\"><div class=\"fusion-post-content-container\"><p><div class=\"fusion-fullwidth fullwidth-box fusion-builder-row-6-1 nonhundred-percent-fullwidth non-hundred-percent-height-scrolling fusion-equal-height-columns\" style=\"background-color: #ededed;background-position: left top;background-repeat: no-repeat;padding-top:20px;padding-right:0px;padding-bottom:20px;padding-left:0px;margin-bottom: 0px;margin-top: 0px;border-width: 0px 0px 0px 0px;border-color:#eae9e9;border-style:solid;\" ><div class=\"fusion-builder-row fusion-row\"><div class=\"fusion-layout-column fusion_builder_column fusion-builder-column-15 fusion_builder_column_1_2 1_2 fusion-one-half fusion-column-first colh fusion-animated\" style=\"width:48%; margin-right: 4%;margin-top:0px;margin-bottom:20px;\" data-animationType=\"fadeInDown\" data-animationDuration=\"0.6\" data-animationOffset=\"100%\"><div class=\"fusion-column-wrapper fusion-flex-column-wrapper-legacy\" style=\"background-position:left top;background-repeat:no-repeat;-webkit-background-size:cover;-moz-background-size:cover;-o-background-size:cover;background-size:cover;padding: 0px 0px 0px 0px;\"><div class=\"fusion-column-content-centered\"><div class=\"fusion-column-content\"><div class=\"fusion-sep-clear\"><\/div><div class=\"fusion-separator\" style=\"margin-left: auto;margin-right: auto;margin-top:40px;margin-bottom:40px;width:100%;max-width:50%;\"><div class=\"fusion-separator-border sep-single sep-solid\" style=\"border-color:#939393;border-top-width:5px;\"><\/div><\/div><div class=\"fusion-sep-clear\"><\/div><div class=\"fusion-text fusion-text-6\"><h1 id=\"tw-target-text\" class=\"tw-data-text vk_txt tw-ta tw-text-medium\" dir=\"ltr\" style=\"text-align: center;\" data-placeholder=\"Traduzione\"><strong><span lang=\"de\">Jetzt buchen<\/span><\/strong><\/h1>\n<p style=\"text-align: center;\">Das L\u00e4rchenheim, eine Oase der Ruhe und der Natur, wo bei jedem Erwachen Urlaub begeistert.<\/p>\n<p style=\"text-align: center;\">Die Natur spricht seit jeher alle Sinne des Menschen an. Geniessen auch Sie die vielf\u00e4ltigen Besonderheiten, die Sie bei jeden neuen Tag begeistern werden.<\/p>\n<\/div><div class=\"fusion-sep-clear\"><\/div><div class=\"fusion-separator\" style=\"margin-left: auto;margin-right: auto;margin-top:40px;margin-bottom:40px;width:100%;max-width:50%;\"><div class=\"fusion-separator-border sep-single sep-solid\" style=\"border-color:#939393;border-top-width:5px;\"><\/div><\/div><div class=\"fusion-sep-clear\"><\/div><\/div><\/div><div class=\"fusion-clearfix\"><\/div><\/div><\/div><div class=\"fusion-layout-column fusion_builder_column fusion-builder-column-16 fusion_builder_column_1_2 1_2 fusion-one-half fusion-column-last colh fusion-animated\" style=\"width:48%;margin-top:0px;margin-bottom:20px;\" data-animationType=\"fadeInLeft\" data-animationDuration=\"0.9\" data-animationOffset=\"100%\"><div class=\"fusion-column-wrapper fusion-flex-column-wrapper-legacy\" style=\"background-position:left top;background-repeat:no-repeat;-webkit-background-size:cover;-moz-background-size:cover;-o-background-size:cover;background-size:cover;padding: 10px 10px 10px 10px;\"><div class=\"fusion-text fusion-text-7\"><h2 style=\"text-align: center;\"><span style=\"color: #ff0000;\">Holen Sie sich einen Kostenvoranschlag f\u00fcr Ihren Urlaub in S\u00fcdtirol, wir kontaktieren Sie unverbindlich:<\/span><\/h2>\n<\/div><div class=\"fusion-text fusion-text-8\"><div id=\"quform-85fbad\" class=\"quform quform-2 quform-theme-light quform-support-page-caching\"><form id=\"quform-form-85fbad\" class=\"quform-form quform-form-2\" action=\"\/de\/wp-json\/wp\/v2\/posts\/1413#quform-85fbad\" method=\"post\" enctype=\"multipart\/form-data\" novalidate=\"novalidate\" data-options=\"{&quot;id&quot;:2,&quot;uniqueId&quot;:&quot;85fbad&quot;,&quot;theme&quot;:&quot;light&quot;,&quot;ajax&quot;:true,&quot;logic&quot;:{&quot;logic&quot;:[],&quot;dependents&quot;:[],&quot;elementIds&quot;:[],&quot;dependentElementIds&quot;:[],&quot;animate&quot;:true},&quot;currentPageId&quot;:16,&quot;errorsIcon&quot;:&quot;&quot;,&quot;updateFancybox&quot;:true,&quot;hasPages&quot;:false,&quot;pages&quot;:[16],&quot;pageProgressType&quot;:&quot;numbers&quot;,&quot;tooltipsEnabled&quot;:true,&quot;tooltipClasses&quot;:&quot;qtip-plain qtip-shadow&quot;,&quot;tooltipMy&quot;:&quot;left center&quot;,&quot;tooltipAt&quot;:&quot;right center&quot;,&quot;isRtl&quot;:false,&quot;scrollOffset&quot;:-50,&quot;scrollSpeed&quot;:800}\"><button class=\"quform-default-submit\" name=\"quform_submit\" type=\"submit\" value=\"submit\" aria-hidden=\"true\" tabindex=\"-1\"><\/button><div class=\"quform-form-inner quform-form-inner-2\"><input type=\"hidden\" name=\"quform_form_id\" value=\"2\" \/><input type=\"hidden\" name=\"quform_form_uid\" value=\"85fbad\" \/><input type=\"hidden\" name=\"quform_count\" value=\"1\" \/><input type=\"hidden\" name=\"form_url\" value=\"https:\/\/www.larchenheim.com\/de\/wp-json\/wp\/v2\/posts\/1413\" \/><input type=\"hidden\" name=\"referring_url\" value=\"\" \/><input type=\"hidden\" name=\"post_id\" value=\"\" \/><input type=\"hidden\" name=\"post_title\" value=\"\" \/><input type=\"hidden\" name=\"quform_current_page_id\" value=\"16\" \/><input type=\"hidden\" name=\"quform_csrf_token\" value=\"Xuf0bfA8pzDOBJb1KNr8apC6awl4GHY242lqEGXx\" \/><div class=\"quform-elements quform-elements-2 quform-cf quform-responsive-elements-phone-landscape\"><div class=\"quform-element quform-element-page quform-page-16 quform-page-2_16 quform-cf quform-group-style-plain quform-first-page quform-last-page quform-current-page\"><div class=\"quform-child-elements\"><div class=\"quform-element quform-element-group quform-element-2_1 quform-cf quform-group-style-plain\"><div class=\"quform-spacer\"><div class=\"quform-child-elements\"><div class=\"quform-element quform-element-row quform-element-row-2_17 quform-2-columns quform-element-row-size-fixed quform-responsive-columns-phone-landscape\"><div class=\"quform-element quform-element-column quform-element-2_18\"><div class=\"quform-element quform-element-text quform-element-2_3 quform-cf quform-labels-inside quform-element-required\"><div class=\"quform-spacer\"><div class=\"quform-label quform-label-2_3\"><label class=\"quform-label-text\" for=\"quform_2_3_85fbad\">Name<span class=\"quform-required\">*<\/span><\/label><\/div><div class=\"quform-inner quform-inner-text quform-inner-2_3\"><div class=\"quform-input quform-input-text quform-input-2_3 quform-cf\"><input type=\"text\" id=\"quform_2_3_85fbad\" name=\"quform_2_3\" class=\"quform-field quform-field-text quform-field-2_3\" \/><\/div><\/div><\/div><\/div><\/div><div class=\"quform-element quform-element-column quform-element-2_19\"><div class=\"quform-element quform-element-text quform-element-2_5 quform-cf quform-labels-inside quform-element-required\"><div class=\"quform-spacer\"><div class=\"quform-label quform-label-2_5\"><label class=\"quform-label-text\" for=\"quform_2_5_85fbad\">Telefon<span class=\"quform-required\">*<\/span><\/label><\/div><div class=\"quform-inner quform-inner-text quform-inner-2_5\"><div class=\"quform-input quform-input-text quform-input-2_5 quform-cf\"><input type=\"text\" id=\"quform_2_5_85fbad\" name=\"quform_2_5\" class=\"quform-field quform-field-text quform-field-2_5\" \/><\/div><\/div><\/div><\/div><\/div><\/div><\/div><\/div><\/div><div class=\"quform-element quform-element-email quform-element-2_4 quform-cf quform-labels-inside quform-element-required\"><div class=\"quform-spacer\"><div class=\"quform-label quform-label-2_4\"><label class=\"quform-label-text\" for=\"quform_2_4_85fbad\">E-mail<span class=\"quform-required\">*<\/span><\/label><\/div><div class=\"quform-inner quform-inner-email quform-inner-2_4\"><div class=\"quform-input quform-input-email quform-input-2_4 quform-cf\"><input type=\"email\" id=\"quform_2_4_85fbad\" name=\"quform_2_4\" class=\"quform-field quform-field-email quform-field-2_4\" \/><\/div><\/div><\/div><\/div><div class=\"quform-element quform-element-textarea quform-element-2_6 quform-cf quform-labels-inside quform-element-required\"><div class=\"quform-spacer\"><div class=\"quform-label quform-label-2_6\"><label class=\"quform-label-text\" for=\"quform_2_6_85fbad\">Messagge<span class=\"quform-required\">*<\/span><\/label><\/div><div class=\"quform-inner quform-inner-textarea quform-inner-2_6\"><div class=\"quform-input quform-input-textarea quform-input-2_6 quform-cf\"><textarea id=\"quform_2_6_85fbad\" name=\"quform_2_6\" class=\"quform-field quform-field-textarea quform-field-2_6\"><\/textarea><\/div><\/div><\/div><\/div><div class=\"quform-element quform-element-text quform-element-2_13 quform-cf quform-labels-inside quform-element-optional\"><div class=\"quform-spacer\"><div class=\"quform-label quform-label-2_13\"><label class=\"quform-label-text\" for=\"quform_2_13_85fbad\">Anzahl der Personen<\/label><\/div><div class=\"quform-inner quform-inner-text quform-inner-2_13\"><div class=\"quform-input quform-input-text quform-input-2_13 quform-cf\"><input type=\"text\" id=\"quform_2_13_85fbad\" name=\"quform_2_13\" class=\"quform-field quform-field-text quform-field-2_13\" \/><\/div><\/div><\/div><\/div><div class=\"quform-element quform-element-group quform-element-2_14 quform-cf quform-group-style-plain\"><div class=\"quform-spacer\"><div class=\"quform-child-elements\"><div class=\"quform-element quform-element-row quform-element-row-2_20 quform-2-columns quform-element-row-size-fixed quform-responsive-columns-phone-landscape\"><div class=\"quform-element quform-element-column quform-element-2_21\"><div class=\"quform-element quform-element-date quform-element-2_11 quform-cf quform-labels-inside quform-element-optional\"><div class=\"quform-spacer\"><div class=\"quform-label quform-label-2_11\"><label class=\"quform-label-text\" for=\"quform_2_11_85fbad\">Check-in<\/label><\/div><div class=\"quform-inner quform-inner-date quform-inner-2_11\"><div class=\"quform-input quform-input-date quform-input-2_11 quform-cf quform-has-field-icon-right\"><input type=\"text\" id=\"quform_2_11_85fbad\" name=\"quform_2_11\" class=\"quform-field quform-field-date quform-field-2_11\" placeholder=\"YYYY-MM-DD\" data-options=\"{&quot;format&quot;:&quot;&quot;,&quot;min&quot;:&quot;&quot;,&quot;max&quot;:&quot;&quot;,&quot;start&quot;:&quot;month&quot;,&quot;depth&quot;:&quot;month&quot;,&quot;showFooter&quot;:false,&quot;locale&quot;:&quot;it-IT&quot;,&quot;placeholder&quot;:&quot;&quot;,&quot;autoOpen&quot;:false,&quot;identifier&quot;:&quot;2_11&quot;}\" \/><span class=\"quform-field-icon quform-field-icon-right\"><i class=\"qicon-calendar\"><\/i><\/span><\/div><\/div><\/div><\/div><\/div><div class=\"quform-element quform-element-column quform-element-2_22\"><div class=\"quform-element quform-element-date quform-element-2_12 quform-cf quform-labels-inside quform-element-optional\"><div class=\"quform-spacer\"><div class=\"quform-label quform-label-2_12\"><label class=\"quform-label-text\" for=\"quform_2_12_85fbad\">Check-out<\/label><\/div><div class=\"quform-inner quform-inner-date quform-inner-2_12\"><div class=\"quform-input quform-input-date quform-input-2_12 quform-cf quform-has-field-icon-right\"><input type=\"text\" id=\"quform_2_12_85fbad\" name=\"quform_2_12\" class=\"quform-field quform-field-date quform-field-2_12\" placeholder=\"YYYY-MM-DD\" data-options=\"{&quot;format&quot;:&quot;&quot;,&quot;min&quot;:&quot;&quot;,&quot;max&quot;:&quot;&quot;,&quot;start&quot;:&quot;month&quot;,&quot;depth&quot;:&quot;month&quot;,&quot;showFooter&quot;:false,&quot;locale&quot;:&quot;it-IT&quot;,&quot;placeholder&quot;:&quot;&quot;,&quot;autoOpen&quot;:false,&quot;identifier&quot;:&quot;2_12&quot;}\" \/><span class=\"quform-field-icon quform-field-icon-right\"><i class=\"qicon-calendar\"><\/i><\/span><\/div><\/div><\/div><\/div><\/div><\/div><\/div><\/div><\/div><div class=\"quform-element quform-element-checkbox quform-element-2_7 quform-cf quform-element-required\"><div class=\"quform-spacer\"><div class=\"quform-label quform-label-2_7\"><label class=\"quform-label-text\" id=\"quform_2_7_85fbad_label\">Privacy verstanden und akzeptiert<span class=\"quform-required\">*<\/span><\/label><\/div><div class=\"quform-inner quform-inner-checkbox quform-inner-2_7\"><div class=\"quform-input quform-input-checkbox quform-input-2_7 quform-cf\"><div class=\"quform-options quform-cf quform-options-block quform-options-simple\" role=\"group\" aria-labelledby=\"quform_2_7_85fbad_label\"><div class=\"quform-option\"><input type=\"checkbox\" name=\"quform_2_7[]\" id=\"quform_2_7_85fbad_1\" class=\"quform-field quform-field-checkbox quform-field-2_7 quform-field-2_7_1\" value=\"Ja, ich habe die Verarbeitung von pers\u00f6nlichen Daten, unter Gesetzesverordnung gesch\u00fctzt. N. 196 vom 30. Juni 2003 und GDPR (UE 2016\/679)\" \/><label for=\"quform_2_7_85fbad_1\" class=\"quform-option-label quform-option-label-2_7_1\"><span class=\"quform-option-text\">Ja, ich habe die Verarbeitung von pers\u00f6nlichen Daten, unter Gesetzesverordnung gesch\u00fctzt. N. 196 vom 30. Juni 2003 und GDPR (UE 2016\/679)<\/span><\/label><\/div><\/div><\/div><p class=\"quform-description quform-description-below\"><a href=\"http:\/\/www.larchenheim.com\/privacy\" target=\"_blank\" rel=\"noopener\">Weitere Informationen<\/a><\/p><\/div><\/div><\/div><div class=\"quform-element quform-element-captcha quform-element-2_10 quform-cf quform-labels-inside quform-element-required\"><div class=\"quform-spacer\"><div class=\"quform-label quform-label-2_10\"><label class=\"quform-label-text\" for=\"quform_2_10_85fbad\">Schreiben Sie Zeichen<span class=\"quform-required\">*<\/span><\/label><\/div><div class=\"quform-inner quform-inner-captcha quform-inner-2_10\"><div class=\"quform-input quform-input-captcha quform-input-2_10 quform-cf\"><input type=\"text\" id=\"quform_2_10_85fbad\" name=\"quform_2_10\" class=\"quform-field quform-field-captcha quform-field-2_10\" \/><\/div><div class=\"quform-captcha quform-cf\"><div class=\"quform-captcha-image quform-captcha-image-2_10\"><img decoding=\"async\" class=\"quform-captcha-image-img\" src=\"data:image\/png;base64,iVBORw0KGgoAAAANSUhEUgAAAQQAAABQBAMAAAANThZsAAAAG1BMVEX\/\/\/8iIiKsrKx0dHRZWVmQkJDHx8c9PT3j4+OOIbpxAAAACXBIWXMAAA7EAAAOxAGVKw4bAAAFOUlEQVRoge1YS3faRhQWEhKzzNgk6hJBnWYZObjusoqd4GWJk3aL+oAuo0LqLoUbm\/zszvs9Ag4lK91zciLP635z73cfTBC00korrbTSSiuttNLKnhKOf9q6Bgz\/PCKCEYTPtq2JKwhfHwtAUkAIT7csAngRvDkShBIfnm5Z1MWLYP9IEMj94Kx50RTusuowCJSPoPYsogjg4DgQSrhEVPuIvsJLCJcz15oEqb8WQP93AXNs5meU9MjfNgYwf4DwJD6eIwLCyKdBUlFjPzVnQ+KqJ2B73BwgHRwSJfM3\/NFAQEdP60U6OEBHfPd903SEVDxyBOZdCzb89wH6kWSIZy\/805htlwKCTrrPYnhwEIQcH\/HWP89ocD7\/Fv+nZetCQNiaxBslcxjYggh\/QF8LIwnG0jiH5caoaoZQylAo9Nhb45nX8z+qg0MSlI5ok9KTkbBBXy\/lTMaI2NWHg2Bee85Kzj64addp9GUkCwCm5jdyBhklJcpYBlVAX\/3sQvEvPupT\/d2JNYMM+sQPAeuFUqmyveJ\/5foBNIt8sk5i3Fk6am9m2NGQStbrUmNNxTVPNeNQjiDnLVbnWjclA6g2deTNcZ1Lwve07qHgEHIdQji+I2kb03R1IVBgjy5vC+lX\/ZoWLEVKCSGWPqGaCYcAtDyJtb9kGYXrQ8b+K6DlxoQAtjRGHTmfaEbk2DbQKh5o6h+aceRURVVvHI5Ateb0cfjcHBYSyT1A247DFbWMD44MHWED0Y6O8yxk5A0dECK6MvVVq1Bq0CGQWLkak83GHlDBFP2D\/XejCzbU5ZHrgNDjPPUUCiBv4oBAxcoryAkT3TgdXuMKlU9URDPg670KkXkS7b6ZhDAw91DTqkW85CzMbQhTcZAnTU9FQorVggQkArtfwF6A\/VoZybgBpzb7caT2L8bOyxBZC8U9NTsi56Y029iJkF5MS3hNEPD1a0rsj+YcV8xsmKk5iOT13xDvzh17QsuoUz+EhN8+81WriIMD2s1KOvqldu3BRuibIxyC2V0I\/3Z9ZEj4cQstINZk\/ePZGLl9da4D+WzTO5N0NCEI\/8be5ocyDvwOtUKJ\/bMSpUejHs7CqV44sNF4UJpqRKkOvRBykn0q42JK3wZ1cCRcnxvHrWVqMtVkPIuH3v5NJgDVUyTuFBmIGUyeG+z8gbK8JxO0qSbnV4u9iWHNtaQzdXihQ2BmB7fvCqKlp3siZkTa2BAqTpOut3\/rcgR6+gQsqa2uMCM5\/h43SaLrAjSFYZoYEPAM\/ep4+zcc5IXjlzWuu\/ANHgW58HCH4roJasMTmFHLVxisAUGSsLSqvgKzH8ztJy3cvzIlXXETxtLTGOZ6rhPuNCFEgstTf\/9WOFmiVHG1n7p\/j2\/aJ9ZIiY3kcpvUFD4jTeXv3xZO+6yVSIygWv\/ubydvO1asZi4IoJbh2ti\/Od8VM8XQpRXtycQ0On2lOKk0CBl8U\/GY9KcFnyi+tqsSksfRRM9Y+K2mX+sQaHKpyXekL98NAvMheZ90ldlkOFP\/BL8O60CDwJoO2jQamWQHyVhlSEbkKrMty7noViiUIFn72gWv4CjrX9xOLN41i+4y+pCG8kHyQlaynSXS8vNst03DM3TlL8pA8p6m9ylcFs2\/qRwCVAQ7vkGzXJ+qqpJfMJPo+H4I1N676aXIuUU3+P1lOqPjSirbSfhzpP9nkCUbJ4QgqPmblmafHYS+fKZ7QAe3r66v7ypHBnpgsTHYDwIK9A\/DhhfD\/eT+cp\/YPpI8VPYvra8tYLQrr1tppZWvLv8BDHLvkVi57KsAAAAASUVORK5CYII=\" alt=\"CAPTCHA image\" data-element-id=\"10\" width=\"130\" height=\"40\" \/><\/div><\/div><\/div><\/div><\/div><div class=\"quform-element quform-element-submit quform-element-2_23 quform-cf quform-button-style-theme\"><div class=\"quform-button-submit quform-button-submit-default quform-button-submit-2_23\"><button name=\"quform_submit\" type=\"submit\" class=\"quform-submit\" value=\"submit\"><span class=\"quform-button-text quform-button-submit-text\">Angebot<\/span><\/button><\/div><div class=\"quform-loading quform-loading-position-left quform-loading-type-spinner-1\"><div class=\"quform-loading-inner\"><div class=\"quform-loading-spinner\"><div class=\"quform-loading-spinner-inner\"><\/div><\/div><\/div><\/div><\/div><div class=\"quform-element-tree\"><label for=\"quform_2_0_85fbad\">Dieses Feld sollte nicht ausgef\u00fcllt werden<\/label><input type=\"text\" id=\"quform_2_0_85fbad\" name=\"quform_2_0\" class=\"quform-field quform-field-tree quform-field-2_0\" tabindex=\"-1\" autocomplete=\"off\" \/><\/div><\/div><\/div><\/div><\/div><\/form><\/div>\n<\/div><div class=\"fusion-clearfix\"><\/div><\/div><\/div><\/div><\/div><div class=\"fusion-fullwidth fullwidth-box fusion-builder-row-6-2 hundred-percent-fullwidth non-hundred-percent-height-scrolling fusion-equal-height-columns\" style=\"background-color: rgba(255,255,255,0);background-position: left top;background-repeat: no-repeat;padding-top:20px;padding-right:0px;padding-bottom:20px;padding-left:0px;margin-bottom: 0px;margin-top: 0px;border-width: 0px 0px 0px 0px;border-color:#eae9e9;border-style:solid;\" ><div class=\"fusion-builder-row fusion-row\"><div class=\"fusion-layout-column fusion_builder_column fusion-builder-column-17 fusion_builder_column_1_2 1_2 fusion-one-half fusion-column-first fusion-animated\" style=\"margin-top:0px;margin-bottom:20px;\" data-animationType=\"slideInLeft\" data-animationDuration=\"1\" data-animationOffset=\"100%\"><div class=\"fusion-column-wrapper fusion-flex-column-wrapper-legacy\" style=\"background-position:left top;background-repeat:no-repeat;-webkit-background-size:cover;-moz-background-size:cover;-o-background-size:cover;background-size:cover;padding: 5px 5px 5px 5px;\"><div class=\"fusion-text fusion-text-9\"><h2 style=\"text-align: center;\"><strong>Erfahren Sie, was Sie in Ihrem Sommerurlaub in S\u00fcdtirol tun k\u00f6nnen<\/strong><\/h2>\n<\/div><div class=\"fusion-post-slider fusion-flexslider fusion-flexslider-loading flexslider-posts-with-excerpt cont-art-landing\"><ul class=\"slides\"><li><a href=\"https:\/\/www.larchenheim.com\/de\/angeln-ultental-lana-meran-suedtirol-urlaub-dolomiten-forellenfischen-sommersport\" aria-label=\"Fischen\"><img decoding=\"async\" width=\"1000\" height=\"446\" class=\"wp-image-464\" src=\"https:\/\/www.larchenheim.com\/wp-content\/uploads\/pescare-occasioni-alto-adige-pesca-alla-trota-val-dultimo-prezzi-pesca-online-offerte-last-minute-bolzano-merano-bressanone-bz-dolomiti-montagna-vacanze-larchenheim.jpg\" alt=\"\" srcset=\"https:\/\/www.larchenheim.com\/wp-content\/uploads\/pescare-occasioni-alto-adige-pesca-alla-trota-val-dultimo-prezzi-pesca-online-offerte-last-minute-bolzano-merano-bressanone-bz-dolomiti-montagna-vacanze-larchenheim-200x89.jpg 200w, https:\/\/www.larchenheim.com\/wp-content\/uploads\/pescare-occasioni-alto-adige-pesca-alla-trota-val-dultimo-prezzi-pesca-online-offerte-last-minute-bolzano-merano-bressanone-bz-dolomiti-montagna-vacanze-larchenheim-400x178.jpg 400w, https:\/\/www.larchenheim.com\/wp-content\/uploads\/pescare-occasioni-alto-adige-pesca-alla-trota-val-dultimo-prezzi-pesca-online-offerte-last-minute-bolzano-merano-bressanone-bz-dolomiti-montagna-vacanze-larchenheim-600x268.jpg 600w, https:\/\/www.larchenheim.com\/wp-content\/uploads\/pescare-occasioni-alto-adige-pesca-alla-trota-val-dultimo-prezzi-pesca-online-offerte-last-minute-bolzano-merano-bressanone-bz-dolomiti-montagna-vacanze-larchenheim-800x357.jpg 800w, https:\/\/www.larchenheim.com\/wp-content\/uploads\/pescare-occasioni-alto-adige-pesca-alla-trota-val-dultimo-prezzi-pesca-online-offerte-last-minute-bolzano-merano-bressanone-bz-dolomiti-montagna-vacanze-larchenheim.jpg 1000w\" sizes=\"(max-width: 800px) 100vw, 600px\" \/><\/a><div class=\"slide-excerpt\"><div class=\"excerpt-container\"><h2><a href=\"https:\/\/www.larchenheim.com\/de\/angeln-ultental-lana-meran-suedtirol-urlaub-dolomiten-forellenfischen-sommersport\">Fischen<\/a><\/h2><p>     Fischen in S\u00fcdtirol F\u00fcr die Fi <a href=\"https:\/\/www.larchenheim.com\/de\/angeln-ultental-lana-meran-suedtirol-urlaub-dolomiten-forellenfischen-sommersport\">[...]<\/a><\/p><\/div><\/div><\/li><li><a href=\"https:\/\/www.larchenheim.com\/de\/kneipp-weg-ultental-lana-meran-suedtirol-spa-wellness-sommersport-dolomiten\" aria-label=\"Kneippen\"><img decoding=\"async\" width=\"1000\" height=\"446\" class=\"wp-image-461\" src=\"https:\/\/www.larchenheim.com\/wp-content\/uploads\/percorso-kneipp-prezzi-val-dultimo-spa-di-coppia-offerte-last-minute-lana-alto-adige-online-offerte-occasioni-bolzano-merano-bressanone-bz-dolomiti-montagna-vacanze.jpg\" alt=\"\" srcset=\"https:\/\/www.larchenheim.com\/wp-content\/uploads\/percorso-kneipp-prezzi-val-dultimo-spa-di-coppia-offerte-last-minute-lana-alto-adige-online-offerte-occasioni-bolzano-merano-bressanone-bz-dolomiti-montagna-vacanze-200x89.jpg 200w, https:\/\/www.larchenheim.com\/wp-content\/uploads\/percorso-kneipp-prezzi-val-dultimo-spa-di-coppia-offerte-last-minute-lana-alto-adige-online-offerte-occasioni-bolzano-merano-bressanone-bz-dolomiti-montagna-vacanze-400x178.jpg 400w, https:\/\/www.larchenheim.com\/wp-content\/uploads\/percorso-kneipp-prezzi-val-dultimo-spa-di-coppia-offerte-last-minute-lana-alto-adige-online-offerte-occasioni-bolzano-merano-bressanone-bz-dolomiti-montagna-vacanze-600x268.jpg 600w, https:\/\/www.larchenheim.com\/wp-content\/uploads\/percorso-kneipp-prezzi-val-dultimo-spa-di-coppia-offerte-last-minute-lana-alto-adige-online-offerte-occasioni-bolzano-merano-bressanone-bz-dolomiti-montagna-vacanze-800x357.jpg 800w, https:\/\/www.larchenheim.com\/wp-content\/uploads\/percorso-kneipp-prezzi-val-dultimo-spa-di-coppia-offerte-last-minute-lana-alto-adige-online-offerte-occasioni-bolzano-merano-bressanone-bz-dolomiti-montagna-vacanze.jpg 1000w\" sizes=\"(max-width: 800px) 100vw, 600px\" \/><\/a><div class=\"slide-excerpt\"><div class=\"excerpt-container\"><h2><a href=\"https:\/\/www.larchenheim.com\/de\/kneipp-weg-ultental-lana-meran-suedtirol-spa-wellness-sommersport-dolomiten\">Kneippen<\/a><\/h2><p>     Kneippen im Ultental Ein erfri <a href=\"https:\/\/www.larchenheim.com\/de\/kneipp-weg-ultental-lana-meran-suedtirol-spa-wellness-sommersport-dolomiten\">[...]<\/a><\/p><\/div><\/div><\/li><li><a href=\"https:\/\/www.larchenheim.com\/de\/nordic-walking-ultental-lana-meran-wandern-suedtirol-dolomiten-sommersport\" aria-label=\"Nordic Walking\"><img decoding=\"async\" width=\"1000\" height=\"446\" class=\"wp-image-455\" src=\"https:\/\/www.larchenheim.com\/wp-content\/uploads\/sport-nordic-walking-alto-adige-escursioni-last-minute-lana-bolzano-offerte-merano-occasioni-bressanone-bz-dolomiti-montagna-vacanze.jpg\" alt=\"\" srcset=\"https:\/\/www.larchenheim.com\/wp-content\/uploads\/sport-nordic-walking-alto-adige-escursioni-last-minute-lana-bolzano-offerte-merano-occasioni-bressanone-bz-dolomiti-montagna-vacanze-200x89.jpg 200w, https:\/\/www.larchenheim.com\/wp-content\/uploads\/sport-nordic-walking-alto-adige-escursioni-last-minute-lana-bolzano-offerte-merano-occasioni-bressanone-bz-dolomiti-montagna-vacanze-400x178.jpg 400w, https:\/\/www.larchenheim.com\/wp-content\/uploads\/sport-nordic-walking-alto-adige-escursioni-last-minute-lana-bolzano-offerte-merano-occasioni-bressanone-bz-dolomiti-montagna-vacanze-600x268.jpg 600w, https:\/\/www.larchenheim.com\/wp-content\/uploads\/sport-nordic-walking-alto-adige-escursioni-last-minute-lana-bolzano-offerte-merano-occasioni-bressanone-bz-dolomiti-montagna-vacanze-800x357.jpg 800w, https:\/\/www.larchenheim.com\/wp-content\/uploads\/sport-nordic-walking-alto-adige-escursioni-last-minute-lana-bolzano-offerte-merano-occasioni-bressanone-bz-dolomiti-montagna-vacanze.jpg 1000w\" sizes=\"(max-width: 800px) 100vw, 600px\" \/><\/a><div class=\"slide-excerpt\"><div class=\"excerpt-container\"><h2><a href=\"https:\/\/www.larchenheim.com\/de\/nordic-walking-ultental-lana-meran-wandern-suedtirol-dolomiten-sommersport\">Nordic Walking<\/a><\/h2><p>     Nordic Walking Nordic-walking  <a href=\"https:\/\/www.larchenheim.com\/de\/nordic-walking-ultental-lana-meran-wandern-suedtirol-dolomiten-sommersport\">[...]<\/a><\/p><\/div><\/div><\/li><li><a href=\"https:\/\/www.larchenheim.com\/de\/mountainbike-ultental-mtb-strecken-lana-meran-radfahren-suedtirol-dolomiten-sommersport\" aria-label=\"Mountain Bike\"><img decoding=\"async\" width=\"1000\" height=\"446\" class=\"wp-image-458\" src=\"https:\/\/www.larchenheim.com\/wp-content\/uploads\/mountain-bike-val-dultimo-mtb-merano-percorsi-bici-alto-adige-giri-in-bicicletta-avventura-attivita-estive-bolzano-offerte-last-minute-dolomiti-montagna-vacanze-larchenheim.jpg\" alt=\"\" srcset=\"https:\/\/www.larchenheim.com\/wp-content\/uploads\/mountain-bike-val-dultimo-mtb-merano-percorsi-bici-alto-adige-giri-in-bicicletta-avventura-attivita-estive-bolzano-offerte-last-minute-dolomiti-montagna-vacanze-larchenheim-200x89.jpg 200w, https:\/\/www.larchenheim.com\/wp-content\/uploads\/mountain-bike-val-dultimo-mtb-merano-percorsi-bici-alto-adige-giri-in-bicicletta-avventura-attivita-estive-bolzano-offerte-last-minute-dolomiti-montagna-vacanze-larchenheim-400x178.jpg 400w, https:\/\/www.larchenheim.com\/wp-content\/uploads\/mountain-bike-val-dultimo-mtb-merano-percorsi-bici-alto-adige-giri-in-bicicletta-avventura-attivita-estive-bolzano-offerte-last-minute-dolomiti-montagna-vacanze-larchenheim-600x268.jpg 600w, https:\/\/www.larchenheim.com\/wp-content\/uploads\/mountain-bike-val-dultimo-mtb-merano-percorsi-bici-alto-adige-giri-in-bicicletta-avventura-attivita-estive-bolzano-offerte-last-minute-dolomiti-montagna-vacanze-larchenheim-800x357.jpg 800w, https:\/\/www.larchenheim.com\/wp-content\/uploads\/mountain-bike-val-dultimo-mtb-merano-percorsi-bici-alto-adige-giri-in-bicicletta-avventura-attivita-estive-bolzano-offerte-last-minute-dolomiti-montagna-vacanze-larchenheim.jpg 1000w\" sizes=\"(max-width: 800px) 100vw, 600px\" \/><\/a><div class=\"slide-excerpt\"><div class=\"excerpt-container\"><h2><a href=\"https:\/\/www.larchenheim.com\/de\/mountainbike-ultental-mtb-strecken-lana-meran-radfahren-suedtirol-dolomiten-sommersport\">Mountain Bike<\/a><\/h2><p>     Mountain Bike Mit dem Mountain <a href=\"https:\/\/www.larchenheim.com\/de\/mountainbike-ultental-mtb-strecken-lana-meran-radfahren-suedtirol-dolomiten-sommersport\">[...]<\/a><\/p><\/div><\/div><\/li><li><a href=\"https:\/\/www.larchenheim.com\/de\/bergsteigen\" aria-label=\"Bergsteigen\"><img decoding=\"async\" width=\"1000\" height=\"446\" class=\"wp-image-451\" src=\"https:\/\/www.larchenheim.com\/wp-content\/uploads\/alpinismo-alto-adige-trekking-val-dultimo-alpinista-merano-mappe-percorsi-merano-prezzi-last-minute-dolomiti-offerte-montagna-occasioni-vacanze-estive.jpg\" alt=\"\" srcset=\"https:\/\/www.larchenheim.com\/wp-content\/uploads\/alpinismo-alto-adige-trekking-val-dultimo-alpinista-merano-mappe-percorsi-merano-prezzi-last-minute-dolomiti-offerte-montagna-occasioni-vacanze-estive-200x89.jpg 200w, https:\/\/www.larchenheim.com\/wp-content\/uploads\/alpinismo-alto-adige-trekking-val-dultimo-alpinista-merano-mappe-percorsi-merano-prezzi-last-minute-dolomiti-offerte-montagna-occasioni-vacanze-estive-400x178.jpg 400w, https:\/\/www.larchenheim.com\/wp-content\/uploads\/alpinismo-alto-adige-trekking-val-dultimo-alpinista-merano-mappe-percorsi-merano-prezzi-last-minute-dolomiti-offerte-montagna-occasioni-vacanze-estive-600x268.jpg 600w, https:\/\/www.larchenheim.com\/wp-content\/uploads\/alpinismo-alto-adige-trekking-val-dultimo-alpinista-merano-mappe-percorsi-merano-prezzi-last-minute-dolomiti-offerte-montagna-occasioni-vacanze-estive-800x357.jpg 800w, https:\/\/www.larchenheim.com\/wp-content\/uploads\/alpinismo-alto-adige-trekking-val-dultimo-alpinista-merano-mappe-percorsi-merano-prezzi-last-minute-dolomiti-offerte-montagna-occasioni-vacanze-estive.jpg 1000w\" sizes=\"(max-width: 800px) 100vw, 600px\" \/><\/a><div class=\"slide-excerpt\"><div class=\"excerpt-container\"><h2><a href=\"https:\/\/www.larchenheim.com\/de\/bergsteigen\">Bergsteigen<\/a><\/h2><p>     Bergsteigen in S\u00fcdtirol Die Eg <a href=\"https:\/\/www.larchenheim.com\/de\/bergsteigen\">[...]<\/a><\/p><\/div><\/div><\/li><li><a href=\"https:\/\/www.larchenheim.com\/de\/sommer-wandern-ulten\" aria-label=\"Sommer \u2013 Wandern in Ulten\"><img decoding=\"async\" width=\"1000\" height=\"446\" class=\"wp-image-448\" src=\"https:\/\/www.larchenheim.com\/wp-content\/uploads\/cosa-fare-durante-soggiorno-alto-adige-camminate-val-dultimo-occasioni-dolomiti-montagna-prezzi-bolzano-vacanze-offerte-sentieri-mappa-merano-larchenheim.jpg\" alt=\"\" srcset=\"https:\/\/www.larchenheim.com\/wp-content\/uploads\/cosa-fare-durante-soggiorno-alto-adige-camminate-val-dultimo-occasioni-dolomiti-montagna-prezzi-bolzano-vacanze-offerte-sentieri-mappa-merano-larchenheim-200x89.jpg 200w, https:\/\/www.larchenheim.com\/wp-content\/uploads\/cosa-fare-durante-soggiorno-alto-adige-camminate-val-dultimo-occasioni-dolomiti-montagna-prezzi-bolzano-vacanze-offerte-sentieri-mappa-merano-larchenheim-400x178.jpg 400w, https:\/\/www.larchenheim.com\/wp-content\/uploads\/cosa-fare-durante-soggiorno-alto-adige-camminate-val-dultimo-occasioni-dolomiti-montagna-prezzi-bolzano-vacanze-offerte-sentieri-mappa-merano-larchenheim-600x268.jpg 600w, https:\/\/www.larchenheim.com\/wp-content\/uploads\/cosa-fare-durante-soggiorno-alto-adige-camminate-val-dultimo-occasioni-dolomiti-montagna-prezzi-bolzano-vacanze-offerte-sentieri-mappa-merano-larchenheim-800x357.jpg 800w, https:\/\/www.larchenheim.com\/wp-content\/uploads\/cosa-fare-durante-soggiorno-alto-adige-camminate-val-dultimo-occasioni-dolomiti-montagna-prezzi-bolzano-vacanze-offerte-sentieri-mappa-merano-larchenheim.jpg 1000w\" sizes=\"(max-width: 800px) 100vw, 600px\" \/><\/a><div class=\"slide-excerpt\"><div class=\"excerpt-container\"><h2><a href=\"https:\/\/www.larchenheim.com\/de\/sommer-wandern-ulten\">Sommer \u2013 Wandern in Ulten<\/a><\/h2><p>     Sommer \u2013 Wandern in Ulten Auf  <a href=\"https:\/\/www.larchenheim.com\/de\/sommer-wandern-ulten\">[...]<\/a><\/p><\/div><\/div><\/li><\/ul><\/div><div class=\"fusion-clearfix\"><\/div><\/div><\/div><div class=\"fusion-layout-column fusion_builder_column fusion-builder-column-18 fusion_builder_column_1_2 1_2 fusion-one-half fusion-column-last fusion-animated\" style=\"margin-top:0px;margin-bottom:20px;\" data-animationType=\"slideInRight\" data-animationDuration=\"1\" data-animationOffset=\"100%\"><div class=\"fusion-column-wrapper fusion-flex-column-wrapper-legacy\" style=\"background-position:left top;background-repeat:no-repeat;-webkit-background-size:cover;-moz-background-size:cover;-o-background-size:cover;background-size:cover;padding: 5px 5px 5px 5px;\"><div class=\"fusion-text fusion-text-10\"><h2 style=\"text-align: center;\"><strong>Erfahren Sie, was Sie in Ihrem Winterurlaub in S\u00fcdtirol tun k\u00f6nnen<\/strong><\/h2>\n<\/div><div class=\"fusion-post-slider fusion-flexslider fusion-flexslider-loading flexslider-posts-with-excerpt cont-art-landing\"><ul class=\"slides\"><li><a href=\"https:\/\/www.larchenheim.com\/de\/rodelfahren\" aria-label=\"Rodelfahren\"><img decoding=\"async\" width=\"1000\" height=\"446\" class=\"wp-image-917\" src=\"https:\/\/www.larchenheim.com\/wp-content\/uploads\/piste-slittino-alto-adige-prezzi-last-minute-bolzano-merano-vacanze-offerte-bressanone-bz-dolomiti-occasioni-montagna.jpg\" alt=\"\" srcset=\"https:\/\/www.larchenheim.com\/wp-content\/uploads\/piste-slittino-alto-adige-prezzi-last-minute-bolzano-merano-vacanze-offerte-bressanone-bz-dolomiti-occasioni-montagna-200x89.jpg 200w, https:\/\/www.larchenheim.com\/wp-content\/uploads\/piste-slittino-alto-adige-prezzi-last-minute-bolzano-merano-vacanze-offerte-bressanone-bz-dolomiti-occasioni-montagna-400x178.jpg 400w, https:\/\/www.larchenheim.com\/wp-content\/uploads\/piste-slittino-alto-adige-prezzi-last-minute-bolzano-merano-vacanze-offerte-bressanone-bz-dolomiti-occasioni-montagna-600x268.jpg 600w, https:\/\/www.larchenheim.com\/wp-content\/uploads\/piste-slittino-alto-adige-prezzi-last-minute-bolzano-merano-vacanze-offerte-bressanone-bz-dolomiti-occasioni-montagna-800x357.jpg 800w, https:\/\/www.larchenheim.com\/wp-content\/uploads\/piste-slittino-alto-adige-prezzi-last-minute-bolzano-merano-vacanze-offerte-bressanone-bz-dolomiti-occasioni-montagna.jpg 1000w\" sizes=\"(max-width: 800px) 100vw, 600px\" \/><\/a><div class=\"slide-excerpt\"><div class=\"excerpt-container\"><h2><a href=\"https:\/\/www.larchenheim.com\/de\/rodelfahren\">Rodelfahren<\/a><\/h2><p>     Rodelfahren in S\u00fcdtirol Rodeln <a href=\"https:\/\/www.larchenheim.com\/de\/rodelfahren\">[...]<\/a><\/p><\/div><\/div><\/li><li><a href=\"https:\/\/www.larchenheim.com\/de\/eislaufen\" aria-label=\"Eislaufen\"><img decoding=\"async\" width=\"1400\" height=\"800\" class=\"wp-image-479\" src=\"https:\/\/www.larchenheim.com\/wp-content\/uploads\/pattinaggio-sul-ghiaccio-alto-adige-pattinare-val-dultimo-lana-sport-invernali-bolzano-prezzi-last-minute-merano-offerte-bressanone-vacanze-bz-occasioni-dolomiti-montagna.jpg\" alt=\"\" srcset=\"https:\/\/www.larchenheim.com\/wp-content\/uploads\/pattinaggio-sul-ghiaccio-alto-adige-pattinare-val-dultimo-lana-sport-invernali-bolzano-prezzi-last-minute-merano-offerte-bressanone-vacanze-bz-occasioni-dolomiti-montagna-200x114.jpg 200w, https:\/\/www.larchenheim.com\/wp-content\/uploads\/pattinaggio-sul-ghiaccio-alto-adige-pattinare-val-dultimo-lana-sport-invernali-bolzano-prezzi-last-minute-merano-offerte-bressanone-vacanze-bz-occasioni-dolomiti-montagna-400x229.jpg 400w, https:\/\/www.larchenheim.com\/wp-content\/uploads\/pattinaggio-sul-ghiaccio-alto-adige-pattinare-val-dultimo-lana-sport-invernali-bolzano-prezzi-last-minute-merano-offerte-bressanone-vacanze-bz-occasioni-dolomiti-montagna-600x343.jpg 600w, https:\/\/www.larchenheim.com\/wp-content\/uploads\/pattinaggio-sul-ghiaccio-alto-adige-pattinare-val-dultimo-lana-sport-invernali-bolzano-prezzi-last-minute-merano-offerte-bressanone-vacanze-bz-occasioni-dolomiti-montagna-800x457.jpg 800w, https:\/\/www.larchenheim.com\/wp-content\/uploads\/pattinaggio-sul-ghiaccio-alto-adige-pattinare-val-dultimo-lana-sport-invernali-bolzano-prezzi-last-minute-merano-offerte-bressanone-vacanze-bz-occasioni-dolomiti-montagna-1200x686.jpg 1200w, https:\/\/www.larchenheim.com\/wp-content\/uploads\/pattinaggio-sul-ghiaccio-alto-adige-pattinare-val-dultimo-lana-sport-invernali-bolzano-prezzi-last-minute-merano-offerte-bressanone-vacanze-bz-occasioni-dolomiti-montagna.jpg 1400w\" sizes=\"(max-width: 800px) 100vw, 600px\" \/><\/a><div class=\"slide-excerpt\"><div class=\"excerpt-container\"><h2><a href=\"https:\/\/www.larchenheim.com\/de\/eislaufen\">Eislaufen<\/a><\/h2><p>     Eislaufen in S\u00fcdtirol In Kuppe <a href=\"https:\/\/www.larchenheim.com\/de\/eislaufen\">[...]<\/a><\/p><\/div><\/div><\/li><li><a href=\"https:\/\/www.larchenheim.com\/de\/schneeschuhwandern\" aria-label=\"Schneeschuhwandern\"><img decoding=\"async\" width=\"1000\" height=\"446\" class=\"wp-image-478\" src=\"https:\/\/www.larchenheim.com\/wp-content\/uploads\/ciaspolada-val-dultimo-lana-prezzi-sport-invernali-occasioni-last-minute-alto-adige-bolzano-offerte-merano-bressanone-bz-dolomiti-montagna-vacanze.jpg\" alt=\"\" srcset=\"https:\/\/www.larchenheim.com\/wp-content\/uploads\/ciaspolada-val-dultimo-lana-prezzi-sport-invernali-occasioni-last-minute-alto-adige-bolzano-offerte-merano-bressanone-bz-dolomiti-montagna-vacanze-200x89.jpg 200w, https:\/\/www.larchenheim.com\/wp-content\/uploads\/ciaspolada-val-dultimo-lana-prezzi-sport-invernali-occasioni-last-minute-alto-adige-bolzano-offerte-merano-bressanone-bz-dolomiti-montagna-vacanze-400x178.jpg 400w, https:\/\/www.larchenheim.com\/wp-content\/uploads\/ciaspolada-val-dultimo-lana-prezzi-sport-invernali-occasioni-last-minute-alto-adige-bolzano-offerte-merano-bressanone-bz-dolomiti-montagna-vacanze-600x268.jpg 600w, https:\/\/www.larchenheim.com\/wp-content\/uploads\/ciaspolada-val-dultimo-lana-prezzi-sport-invernali-occasioni-last-minute-alto-adige-bolzano-offerte-merano-bressanone-bz-dolomiti-montagna-vacanze-800x357.jpg 800w, https:\/\/www.larchenheim.com\/wp-content\/uploads\/ciaspolada-val-dultimo-lana-prezzi-sport-invernali-occasioni-last-minute-alto-adige-bolzano-offerte-merano-bressanone-bz-dolomiti-montagna-vacanze.jpg 1000w\" sizes=\"(max-width: 800px) 100vw, 600px\" \/><\/a><div class=\"slide-excerpt\"><div class=\"excerpt-container\"><h2><a href=\"https:\/\/www.larchenheim.com\/de\/schneeschuhwandern\">Schneeschuhwandern<\/a><\/h2><p>     Schneeschuhwandern Direkt von  <a href=\"https:\/\/www.larchenheim.com\/de\/schneeschuhwandern\">[...]<\/a><\/p><\/div><\/div><\/li><li><a href=\"https:\/\/www.larchenheim.com\/de\/skitouren-ultental-lana-meran-suedtirol-urlaub-dolomiten-wintersport\" aria-label=\"Skitouren\"><img decoding=\"async\" width=\"1000\" height=\"446\" class=\"wp-image-471\" src=\"https:\/\/www.larchenheim.com\/wp-content\/uploads\/sci-alpinismo-val-dultimo-prezzi-sciare-offerte-last-minute-localita-sciistiche-sport-invernali-alto-adige-bolzano-occasioni-merano-bressanone-bz-dolomiti-vacanze-montagna.jpg\" alt=\"\" srcset=\"https:\/\/www.larchenheim.com\/wp-content\/uploads\/sci-alpinismo-val-dultimo-prezzi-sciare-offerte-last-minute-localita-sciistiche-sport-invernali-alto-adige-bolzano-occasioni-merano-bressanone-bz-dolomiti-vacanze-montagna-200x89.jpg 200w, https:\/\/www.larchenheim.com\/wp-content\/uploads\/sci-alpinismo-val-dultimo-prezzi-sciare-offerte-last-minute-localita-sciistiche-sport-invernali-alto-adige-bolzano-occasioni-merano-bressanone-bz-dolomiti-vacanze-montagna-400x178.jpg 400w, https:\/\/www.larchenheim.com\/wp-content\/uploads\/sci-alpinismo-val-dultimo-prezzi-sciare-offerte-last-minute-localita-sciistiche-sport-invernali-alto-adige-bolzano-occasioni-merano-bressanone-bz-dolomiti-vacanze-montagna-600x268.jpg 600w, https:\/\/www.larchenheim.com\/wp-content\/uploads\/sci-alpinismo-val-dultimo-prezzi-sciare-offerte-last-minute-localita-sciistiche-sport-invernali-alto-adige-bolzano-occasioni-merano-bressanone-bz-dolomiti-vacanze-montagna-800x357.jpg 800w, https:\/\/www.larchenheim.com\/wp-content\/uploads\/sci-alpinismo-val-dultimo-prezzi-sciare-offerte-last-minute-localita-sciistiche-sport-invernali-alto-adige-bolzano-occasioni-merano-bressanone-bz-dolomiti-vacanze-montagna.jpg 1000w\" sizes=\"(max-width: 800px) 100vw, 600px\" \/><\/a><div class=\"slide-excerpt\"><div class=\"excerpt-container\"><h2><a href=\"https:\/\/www.larchenheim.com\/de\/skitouren-ultental-lana-meran-suedtirol-urlaub-dolomiten-wintersport\">Skitouren<\/a><\/h2><p>     Skitouren in S\u00fcdtirol Das Ulte <a href=\"https:\/\/www.larchenheim.com\/de\/skitouren-ultental-lana-meran-suedtirol-urlaub-dolomiten-wintersport\">[...]<\/a><\/p><\/div><\/div><\/li><li><a href=\"https:\/\/www.larchenheim.com\/de\/langlauf-ultental-lana-meran-suedtirol-urlaub-dolomiten-wintersport\" aria-label=\"Langlaufen\"><img decoding=\"async\" width=\"1000\" height=\"446\" class=\"wp-image-484\" src=\"https:\/\/www.larchenheim.com\/wp-content\/uploads\/sci-da-fondo-sport-prezzi-escursioni-localita-sciistiche-sport-invernali-offerte-alto-adige-bolzano-merano-vacanze-occasioni-bressanone-bz-dolomiti-montagna.jpg\" alt=\"\" srcset=\"https:\/\/www.larchenheim.com\/wp-content\/uploads\/sci-da-fondo-sport-prezzi-escursioni-localita-sciistiche-sport-invernali-offerte-alto-adige-bolzano-merano-vacanze-occasioni-bressanone-bz-dolomiti-montagna-200x89.jpg 200w, https:\/\/www.larchenheim.com\/wp-content\/uploads\/sci-da-fondo-sport-prezzi-escursioni-localita-sciistiche-sport-invernali-offerte-alto-adige-bolzano-merano-vacanze-occasioni-bressanone-bz-dolomiti-montagna-400x178.jpg 400w, https:\/\/www.larchenheim.com\/wp-content\/uploads\/sci-da-fondo-sport-prezzi-escursioni-localita-sciistiche-sport-invernali-offerte-alto-adige-bolzano-merano-vacanze-occasioni-bressanone-bz-dolomiti-montagna-600x268.jpg 600w, https:\/\/www.larchenheim.com\/wp-content\/uploads\/sci-da-fondo-sport-prezzi-escursioni-localita-sciistiche-sport-invernali-offerte-alto-adige-bolzano-merano-vacanze-occasioni-bressanone-bz-dolomiti-montagna-800x357.jpg 800w, https:\/\/www.larchenheim.com\/wp-content\/uploads\/sci-da-fondo-sport-prezzi-escursioni-localita-sciistiche-sport-invernali-offerte-alto-adige-bolzano-merano-vacanze-occasioni-bressanone-bz-dolomiti-montagna.jpg 1000w\" sizes=\"(max-width: 800px) 100vw, 600px\" \/><\/a><div class=\"slide-excerpt\"><div class=\"excerpt-container\"><h2><a href=\"https:\/\/www.larchenheim.com\/de\/langlauf-ultental-lana-meran-suedtirol-urlaub-dolomiten-wintersport\">Langlaufen<\/a><\/h2><p>     Wei\u00dfe Wochen Ultental Die Lang <a href=\"https:\/\/www.larchenheim.com\/de\/langlauf-ultental-lana-meran-suedtirol-urlaub-dolomiten-wintersport\">[...]<\/a><\/p><\/div><\/div><\/li><li><a href=\"https:\/\/www.larchenheim.com\/de\/skifahren\" aria-label=\"Skifahren\"><img decoding=\"async\" width=\"1000\" height=\"446\" class=\"wp-image-475\" src=\"https:\/\/www.larchenheim.com\/wp-content\/uploads\/sci-prezzi-val-dultimo-sciare-localita-sciistiche-offerte-last-minute-sport-invernali-alto-adige-occasioni-bolzano-merano-bressanone-bz-dolomiti-montagna-vacanze.jpg\" alt=\"\" srcset=\"https:\/\/www.larchenheim.com\/wp-content\/uploads\/sci-prezzi-val-dultimo-sciare-localita-sciistiche-offerte-last-minute-sport-invernali-alto-adige-occasioni-bolzano-merano-bressanone-bz-dolomiti-montagna-vacanze-200x89.jpg 200w, https:\/\/www.larchenheim.com\/wp-content\/uploads\/sci-prezzi-val-dultimo-sciare-localita-sciistiche-offerte-last-minute-sport-invernali-alto-adige-occasioni-bolzano-merano-bressanone-bz-dolomiti-montagna-vacanze-400x178.jpg 400w, https:\/\/www.larchenheim.com\/wp-content\/uploads\/sci-prezzi-val-dultimo-sciare-localita-sciistiche-offerte-last-minute-sport-invernali-alto-adige-occasioni-bolzano-merano-bressanone-bz-dolomiti-montagna-vacanze-600x268.jpg 600w, https:\/\/www.larchenheim.com\/wp-content\/uploads\/sci-prezzi-val-dultimo-sciare-localita-sciistiche-offerte-last-minute-sport-invernali-alto-adige-occasioni-bolzano-merano-bressanone-bz-dolomiti-montagna-vacanze-800x357.jpg 800w, https:\/\/www.larchenheim.com\/wp-content\/uploads\/sci-prezzi-val-dultimo-sciare-localita-sciistiche-offerte-last-minute-sport-invernali-alto-adige-occasioni-bolzano-merano-bressanone-bz-dolomiti-montagna-vacanze.jpg 1000w\" sizes=\"(max-width: 800px) 100vw, 600px\" \/><\/a><div class=\"slide-excerpt\"><div class=\"excerpt-container\"><h2><a href=\"https:\/\/www.larchenheim.com\/de\/skifahren\">Skifahren<\/a><\/h2><p>     Skifahren in St. Gertraud Das  <a href=\"https:\/\/www.larchenheim.com\/de\/skifahren\">[...]<\/a><\/p><\/div><\/div><\/li><\/ul><\/div><div class=\"fusion-clearfix\"><\/div><\/div><\/div><\/div><\/div><\/p>\n<\/div><\/div><div class=\"fusion-clearfix\"><\/div><\/article>\n<\/div><\/div><div class=\"fusion-clearfix\"><\/div><\/div><\/div><\/div><style type=\"text\/css\">.fusion-fullwidth.fusion-builder-row-6 { overflow:visible; }<\/style><\/div><\/p>\n","protected":false},"excerpt":{"rendered":"","protected":false},"author":1,"featured_media":1401,"comment_status":"closed","ping_status":"closed","sticky":false,"template":"","format":"standard","meta":{"footnotes":""},"categories":[10],"tags":[],"_links":{"self":[{"href":"https:\/\/www.larchenheim.com\/de\/wp-json\/wp\/v2\/posts\/1413"}],"collection":[{"href":"https:\/\/www.larchenheim.com\/de\/wp-json\/wp\/v2\/posts"}],"about":[{"href":"https:\/\/www.larchenheim.com\/de\/wp-json\/wp\/v2\/types\/post"}],"author":[{"embeddable":true,"href":"https:\/\/www.larchenheim.com\/de\/wp-json\/wp\/v2\/users\/1"}],"replies":[{"embeddable":true,"href":"https:\/\/www.larchenheim.com\/de\/wp-json\/wp\/v2\/comments?post=1413"}],"version-history":[{"count":11,"href":"https:\/\/www.larchenheim.com\/de\/wp-json\/wp\/v2\/posts\/1413\/revisions"}],"predecessor-version":[{"id":1522,"href":"https:\/\/www.larchenheim.com\/de\/wp-json\/wp\/v2\/posts\/1413\/revisions\/1522"}],"wp:featuredmedia":[{"embeddable":true,"href":"https:\/\/www.larchenheim.com\/de\/wp-json\/wp\/v2\/media\/1401"}],"wp:attachment":[{"href":"https:\/\/www.larchenheim.com\/de\/wp-json\/wp\/v2\/media?parent=1413"}],"wp:term":[{"taxonomy":"category","embeddable":true,"href":"https:\/\/www.larchenheim.com\/de\/wp-json\/wp\/v2\/categories?post=1413"},{"taxonomy":"post_tag","embeddable":true,"href":"https:\/\/www.larchenheim.com\/de\/wp-json\/wp\/v2\/tags?post=1413"}],"curies":[{"name":"wp","href":"https:\/\/api.w.org\/{rel}","templated":true}]}}